{"id":1081,"date":"2023-08-07T22:46:10","date_gmt":"2023-08-07T20:46:10","guid":{"rendered":"https:\/\/lesquenouilles.fr\/?p=1081"},"modified":"2023-08-07T23:00:17","modified_gmt":"2023-08-07T21:00:17","slug":"jour-9-changement-de-position","status":"publish","type":"post","link":"https:\/\/lesquenouilles.fr\/index.php\/2023\/08\/07\/jour-9-changement-de-position\/","title":{"rendered":"Jour 9 : Changement de position"},"content":{"rendered":"\n<h2 class=\"wp-block-heading\">On migre vers Sant Pere Pescador<\/h2>\n\n\n\n<p>Afin de compl\u00e9ter notre capital de vitamine D, on d\u00e9cide de remonter sur Sant Pere Pescador ou l&rsquo;acc\u00e8s aux grandes plages de sable fin est plus facile que les criques o\u00f9 il faut 40-45 minutes de marche pour y acc\u00e9der. <\/p>\n\n\n\n<figure class=\"wp-block-image size-large\"><img decoding=\"async\" loading=\"lazy\" width=\"461\" height=\"1024\" src=\"https:\/\/lesquenouilles.fr\/wp-content\/uploads\/2023\/08\/Screenshot_2023-08-06-21-18-55-727_com.jimi_.tuqiang.tracksolid_3ZiPJq2M37-461x1024.jpeg\" alt=\"\" class=\"wp-image-1080\" srcset=\"https:\/\/lesquenouilles.fr\/wp-content\/uploads\/2023\/08\/Screenshot_2023-08-06-21-18-55-727_com.jimi_.tuqiang.tracksolid_3ZiPJq2M37-461x1024.jpeg 461w, https:\/\/lesquenouilles.fr\/wp-content\/uploads\/2023\/08\/Screenshot_2023-08-06-21-18-55-727_com.jimi_.tuqiang.tracksolid_3ZiPJq2M37-135x300.jpeg 135w, https:\/\/lesquenouilles.fr\/wp-content\/uploads\/2023\/08\/Screenshot_2023-08-06-21-18-55-727_com.jimi_.tuqiang.tracksolid_3ZiPJq2M37-768x1707.jpeg 768w, https:\/\/lesquenouilles.fr\/wp-content\/uploads\/2023\/08\/Screenshot_2023-08-06-21-18-55-727_com.jimi_.tuqiang.tracksolid_3ZiPJq2M37-691x1536.jpeg 691w, https:\/\/lesquenouilles.fr\/wp-content\/uploads\/2023\/08\/Screenshot_2023-08-06-21-18-55-727_com.jimi_.tuqiang.tracksolid_3ZiPJq2M37-922x2048.jpeg 922w, https:\/\/lesquenouilles.fr\/wp-content\/uploads\/2023\/08\/Screenshot_2023-08-06-21-18-55-727_com.jimi_.tuqiang.tracksolid_3ZiPJq2M37.jpeg 1080w\" sizes=\"(max-width: 461px) 100vw, 461px\" \/><figcaption class=\"wp-element-caption\">Retour vers le nord \u00e0 Sant Pere Pescador<\/figcaption><\/figure>\n\n\n\n<p>On en profite pour aller revisiter l&rsquo;Escala qui est compos\u00e9 de 2 parties, une o\u00f9 on retrouve majoritairement les fran\u00e7ais sur la partie baln\u00e9aire de la ville et l&rsquo;autre plus typique<\/p>\n\n\n\n<figure class=\"wp-block-image size-large\"><img decoding=\"async\" loading=\"lazy\" width=\"1024\" height=\"771\" src=\"https:\/\/lesquenouilles.fr\/wp-content\/uploads\/2023\/08\/IMG_20230806_164838_sIXs6yin65-1024x771.jpeg\" alt=\"\" class=\"wp-image-1074\" srcset=\"https:\/\/lesquenouilles.fr\/wp-content\/uploads\/2023\/08\/IMG_20230806_164838_sIXs6yin65-1024x771.jpeg 1024w, https:\/\/lesquenouilles.fr\/wp-content\/uploads\/2023\/08\/IMG_20230806_164838_sIXs6yin65-300x226.jpeg 300w, https:\/\/lesquenouilles.fr\/wp-content\/uploads\/2023\/08\/IMG_20230806_164838_sIXs6yin65-768x578.jpeg 768w, https:\/\/lesquenouilles.fr\/wp-content\/uploads\/2023\/08\/IMG_20230806_164838_sIXs6yin65-1536x1157.jpeg 1536w, https:\/\/lesquenouilles.fr\/wp-content\/uploads\/2023\/08\/IMG_20230806_164838_sIXs6yin65.jpeg 2040w\" sizes=\"(max-width: 1024px) 100vw, 1024px\" \/><\/figure>\n\n\n\n<figure class=\"wp-block-image size-large\"><img decoding=\"async\" loading=\"lazy\" width=\"1024\" height=\"771\" src=\"https:\/\/lesquenouilles.fr\/wp-content\/uploads\/2023\/08\/IMG_20230806_164345_RL7HVcwq1H-1024x771.jpeg\" alt=\"\" class=\"wp-image-1075\" srcset=\"https:\/\/lesquenouilles.fr\/wp-content\/uploads\/2023\/08\/IMG_20230806_164345_RL7HVcwq1H-1024x771.jpeg 1024w, https:\/\/lesquenouilles.fr\/wp-content\/uploads\/2023\/08\/IMG_20230806_164345_RL7HVcwq1H-300x226.jpeg 300w, https:\/\/lesquenouilles.fr\/wp-content\/uploads\/2023\/08\/IMG_20230806_164345_RL7HVcwq1H-768x578.jpeg 768w, https:\/\/lesquenouilles.fr\/wp-content\/uploads\/2023\/08\/IMG_20230806_164345_RL7HVcwq1H-1536x1157.jpeg 1536w, https:\/\/lesquenouilles.fr\/wp-content\/uploads\/2023\/08\/IMG_20230806_164345_RL7HVcwq1H.jpeg 2040w\" sizes=\"(max-width: 1024px) 100vw, 1024px\" \/><figcaption class=\"wp-element-caption\">La partie baln\u00e9aire avec sa plage immense et  toutes ses boutiques de front de mer<\/figcaption><\/figure>\n\n\n\n<figure class=\"wp-block-image size-large\"><img decoding=\"async\" loading=\"lazy\" width=\"1024\" height=\"768\" src=\"https:\/\/lesquenouilles.fr\/wp-content\/uploads\/2023\/08\/IMG_20230806_181059_x3KbUx2S5T-1024x768.jpeg\" alt=\"\" class=\"wp-image-1078\" srcset=\"https:\/\/lesquenouilles.fr\/wp-content\/uploads\/2023\/08\/IMG_20230806_181059_x3KbUx2S5T-1024x768.jpeg 1024w, https:\/\/lesquenouilles.fr\/wp-content\/uploads\/2023\/08\/IMG_20230806_181059_x3KbUx2S5T-300x225.jpeg 300w, https:\/\/lesquenouilles.fr\/wp-content\/uploads\/2023\/08\/IMG_20230806_181059_x3KbUx2S5T-768x576.jpeg 768w, https:\/\/lesquenouilles.fr\/wp-content\/uploads\/2023\/08\/IMG_20230806_181059_x3KbUx2S5T-1536x1152.jpeg 1536w, https:\/\/lesquenouilles.fr\/wp-content\/uploads\/2023\/08\/IMG_20230806_181059_x3KbUx2S5T.jpeg 2048w\" sizes=\"(max-width: 1024px) 100vw, 1024px\" \/><figcaption class=\"wp-element-caption\">La partie plus typique de la ville <\/figcaption><\/figure>\n\n\n\n<figure class=\"wp-block-image size-large\"><img decoding=\"async\" loading=\"lazy\" width=\"1024\" height=\"771\" src=\"https:\/\/lesquenouilles.fr\/wp-content\/uploads\/2023\/08\/IMG_20230806_181112_xFv2vbJj7U-1024x771.jpeg\" alt=\"\" class=\"wp-image-1077\" srcset=\"https:\/\/lesquenouilles.fr\/wp-content\/uploads\/2023\/08\/IMG_20230806_181112_xFv2vbJj7U-1024x771.jpeg 1024w, https:\/\/lesquenouilles.fr\/wp-content\/uploads\/2023\/08\/IMG_20230806_181112_xFv2vbJj7U-300x226.jpeg 300w, https:\/\/lesquenouilles.fr\/wp-content\/uploads\/2023\/08\/IMG_20230806_181112_xFv2vbJj7U-768x578.jpeg 768w, https:\/\/lesquenouilles.fr\/wp-content\/uploads\/2023\/08\/IMG_20230806_181112_xFv2vbJj7U-1536x1157.jpeg 1536w, https:\/\/lesquenouilles.fr\/wp-content\/uploads\/2023\/08\/IMG_20230806_181112_xFv2vbJj7U.jpeg 2040w\" sizes=\"(max-width: 1024px) 100vw, 1024px\" \/><figcaption class=\"wp-element-caption\">Avec ses petites plages en plein coeur de ville<\/figcaption><\/figure>\n\n\n\n<figure class=\"wp-block-image size-large\"><img decoding=\"async\" loading=\"lazy\" width=\"1024\" height=\"771\" src=\"https:\/\/lesquenouilles.fr\/wp-content\/uploads\/2023\/08\/IMG_20230806_181315_V27k7FmO3y-1024x771.jpeg\" alt=\"\" class=\"wp-image-1076\" srcset=\"https:\/\/lesquenouilles.fr\/wp-content\/uploads\/2023\/08\/IMG_20230806_181315_V27k7FmO3y-1024x771.jpeg 1024w, https:\/\/lesquenouilles.fr\/wp-content\/uploads\/2023\/08\/IMG_20230806_181315_V27k7FmO3y-300x226.jpeg 300w, https:\/\/lesquenouilles.fr\/wp-content\/uploads\/2023\/08\/IMG_20230806_181315_V27k7FmO3y-768x578.jpeg 768w, https:\/\/lesquenouilles.fr\/wp-content\/uploads\/2023\/08\/IMG_20230806_181315_V27k7FmO3y-1536x1157.jpeg 1536w, https:\/\/lesquenouilles.fr\/wp-content\/uploads\/2023\/08\/IMG_20230806_181315_V27k7FmO3y.jpeg 2040w\" sizes=\"(max-width: 1024px) 100vw, 1024px\" \/><\/figure>\n\n\n\n<figure class=\"wp-block-image size-large\"><img decoding=\"async\" loading=\"lazy\" width=\"771\" height=\"1024\" src=\"https:\/\/lesquenouilles.fr\/wp-content\/uploads\/2023\/08\/IMG_20230806_180505_MtgSEKUe19-771x1024.jpeg\" alt=\"\" class=\"wp-image-1079\" srcset=\"https:\/\/lesquenouilles.fr\/wp-content\/uploads\/2023\/08\/IMG_20230806_180505_MtgSEKUe19-771x1024.jpeg 771w, https:\/\/lesquenouilles.fr\/wp-content\/uploads\/2023\/08\/IMG_20230806_180505_MtgSEKUe19-226x300.jpeg 226w, https:\/\/lesquenouilles.fr\/wp-content\/uploads\/2023\/08\/IMG_20230806_180505_MtgSEKUe19-768x1020.jpeg 768w, https:\/\/lesquenouilles.fr\/wp-content\/uploads\/2023\/08\/IMG_20230806_180505_MtgSEKUe19-1157x1536.jpeg 1157w, https:\/\/lesquenouilles.fr\/wp-content\/uploads\/2023\/08\/IMG_20230806_180505_MtgSEKUe19.jpeg 1536w\" sizes=\"(max-width: 771px) 100vw, 771px\" \/><figcaption class=\"wp-element-caption\">Et ses peties rues typiques et pleines de petits commerces sympathiques. <\/figcaption><\/figure>\n","protected":false},"excerpt":{"rendered":"<p>On migre vers Sant Pere Pescador Afin de compl\u00e9ter notre capital de vitamine D, on d\u00e9cide de remonter sur Sant Pere Pescador ou l&rsquo;acc\u00e8s aux grandes plages de sable fin est plus facile que les criques o\u00f9 il faut 40-45 minutes de marche pour y acc\u00e9der. On en profite pour aller revisiter l&rsquo;Escala qui est [&hellip;]<\/p>\n","protected":false},"author":1,"featured_media":1079,"comment_status":"open","ping_status":"open","sticky":false,"template":"","format":"standard","meta":[],"categories":[61,4],"tags":[65,54,38],"_links":{"self":[{"href":"https:\/\/lesquenouilles.fr\/index.php\/wp-json\/wp\/v2\/posts\/1081"}],"collection":[{"href":"https:\/\/lesquenouilles.fr\/index.php\/wp-json\/wp\/v2\/posts"}],"about":[{"href":"https:\/\/lesquenouilles.fr\/index.php\/wp-json\/wp\/v2\/types\/post"}],"author":[{"embeddable":true,"href":"https:\/\/lesquenouilles.fr\/index.php\/wp-json\/wp\/v2\/users\/1"}],"replies":[{"embeddable":true,"href":"https:\/\/lesquenouilles.fr\/index.php\/wp-json\/wp\/v2\/comments?post=1081"}],"version-history":[{"count":1,"href":"https:\/\/lesquenouilles.fr\/index.php\/wp-json\/wp\/v2\/posts\/1081\/revisions"}],"predecessor-version":[{"id":1082,"href":"https:\/\/lesquenouilles.fr\/index.php\/wp-json\/wp\/v2\/posts\/1081\/revisions\/1082"}],"wp:featuredmedia":[{"embeddable":true,"href":"https:\/\/lesquenouilles.fr\/index.php\/wp-json\/wp\/v2\/media\/1079"}],"wp:attachment":[{"href":"https:\/\/lesquenouilles.fr\/index.php\/wp-json\/wp\/v2\/media?parent=1081"}],"wp:term":[{"taxonomy":"category","embeddable":true,"href":"https:\/\/lesquenouilles.fr\/index.php\/wp-json\/wp\/v2\/categories?post=1081"},{"taxonomy":"post_tag","embeddable":true,"href":"https:\/\/lesquenouilles.fr\/index.php\/wp-json\/wp\/v2\/tags?post=1081"}],"curies":[{"name":"wp","href":"https:\/\/api.w.org\/{rel}","templated":true}]}}