{"id":360,"date":"2020-08-02T19:35:11","date_gmt":"2020-08-02T17:35:11","guid":{"rendered":"https:\/\/lesquenouilles.fr\/?p=360"},"modified":"2020-08-02T19:54:27","modified_gmt":"2020-08-02T17:54:27","slug":"coucou-moi-cest-madeleine","status":"publish","type":"post","link":"https:\/\/lesquenouilles.fr\/index.php\/2020\/08\/02\/coucou-moi-cest-madeleine\/","title":{"rendered":"Coucou&#8230;moi c&rsquo;est Madeleine !"},"content":{"rendered":"\n<p>Chez LesQuenouilles on aime son petit confort. Ils ont donc d\u00e9cid\u00e9 de l&rsquo;adopter.<\/p>\n\n\n\n<p>Moi c&rsquo;est Madeleine et je suis arriv\u00e9e dans la tribu a la fin du printemps 2020 juste avant les vacances d&rsquo;\u00e9t\u00e9.<\/p>\n\n\n\n<figure class=\"wp-block-image size-large\"><img decoding=\"async\" loading=\"lazy\" width=\"2560\" height=\"1923\" src=\"https:\/\/lesquenouilles.fr\/wp-content\/uploads\/2020\/08\/img_20200630_1827273920992277013463263-scaled.jpg\" alt=\"\" class=\"wp-image-356\" srcset=\"https:\/\/lesquenouilles.fr\/wp-content\/uploads\/2020\/08\/img_20200630_1827273920992277013463263-scaled.jpg 2560w, https:\/\/lesquenouilles.fr\/wp-content\/uploads\/2020\/08\/img_20200630_1827273920992277013463263-300x225.jpg 300w, https:\/\/lesquenouilles.fr\/wp-content\/uploads\/2020\/08\/img_20200630_1827273920992277013463263-1024x769.jpg 1024w, https:\/\/lesquenouilles.fr\/wp-content\/uploads\/2020\/08\/img_20200630_1827273920992277013463263-768x577.jpg 768w, https:\/\/lesquenouilles.fr\/wp-content\/uploads\/2020\/08\/img_20200630_1827273920992277013463263-1536x1154.jpg 1536w, https:\/\/lesquenouilles.fr\/wp-content\/uploads\/2020\/08\/img_20200630_1827273920992277013463263-2048x1538.jpg 2048w\" sizes=\"(max-width: 2560px) 100vw, 2560px\" \/><figcaption>Moi c&rsquo;est Madeleine&#8230;<\/figcaption><\/figure>\n\n\n\n<p>J&rsquo;ai aussi \u00e9t\u00e9 rapidement adopt\u00e9e et je suis en couple avec Maurice. On est tr\u00e8s souvent ensemble.<\/p>\n\n\n\n<p>Nous voulons des jours heureux ensemble et on a d\u00e9cid\u00e9 de faire un petit \ud83d\ude04&#8230;.<\/p>\n\n\n\n<p>Ah oui mes parents ont d\u00e9cid\u00e9 de me repeindre pour que Maurice et moi fassions un joli couple<\/p>\n","protected":false},"excerpt":{"rendered":"<p>Chez LesQuenouilles on aime son petit confort. Ils ont donc d\u00e9cid\u00e9 de l&rsquo;adopter. Moi c&rsquo;est Madeleine et je suis arriv\u00e9e dans la tribu a la fin du printemps 2020 juste avant les vacances d&rsquo;\u00e9t\u00e9. J&rsquo;ai aussi \u00e9t\u00e9 rapidement adopt\u00e9e et je suis en couple avec Maurice. On est tr\u00e8s souvent ensemble. Nous voulons des jours [&hellip;]<\/p>\n","protected":false},"author":1,"featured_media":353,"comment_status":"open","ping_status":"open","sticky":false,"template":"","format":"standard","meta":[],"categories":[3],"tags":[8,15],"_links":{"self":[{"href":"https:\/\/lesquenouilles.fr\/index.php\/wp-json\/wp\/v2\/posts\/360"}],"collection":[{"href":"https:\/\/lesquenouilles.fr\/index.php\/wp-json\/wp\/v2\/posts"}],"about":[{"href":"https:\/\/lesquenouilles.fr\/index.php\/wp-json\/wp\/v2\/types\/post"}],"author":[{"embeddable":true,"href":"https:\/\/lesquenouilles.fr\/index.php\/wp-json\/wp\/v2\/users\/1"}],"replies":[{"embeddable":true,"href":"https:\/\/lesquenouilles.fr\/index.php\/wp-json\/wp\/v2\/comments?post=360"}],"version-history":[{"count":1,"href":"https:\/\/lesquenouilles.fr\/index.php\/wp-json\/wp\/v2\/posts\/360\/revisions"}],"predecessor-version":[{"id":361,"href":"https:\/\/lesquenouilles.fr\/index.php\/wp-json\/wp\/v2\/posts\/360\/revisions\/361"}],"wp:featuredmedia":[{"embeddable":true,"href":"https:\/\/lesquenouilles.fr\/index.php\/wp-json\/wp\/v2\/media\/353"}],"wp:attachment":[{"href":"https:\/\/lesquenouilles.fr\/index.php\/wp-json\/wp\/v2\/media?parent=360"}],"wp:term":[{"taxonomy":"category","embeddable":true,"href":"https:\/\/lesquenouilles.fr\/index.php\/wp-json\/wp\/v2\/categories?post=360"},{"taxonomy":"post_tag","embeddable":true,"href":"https:\/\/lesquenouilles.fr\/index.php\/wp-json\/wp\/v2\/tags?post=360"}],"curies":[{"name":"wp","href":"https:\/\/api.w.org\/{rel}","templated":true}]}}