{"id":480,"date":"2020-08-11T14:19:00","date_gmt":"2020-08-11T12:19:00","guid":{"rendered":"https:\/\/lesquenouilles.fr\/?p=480"},"modified":"2020-08-11T15:40:34","modified_gmt":"2020-08-11T13:40:34","slug":"bergerac-nous-voila","status":"publish","type":"post","link":"https:\/\/lesquenouilles.fr\/index.php\/2020\/08\/11\/bergerac-nous-voila\/","title":{"rendered":"Bergerac&#8230;nous voil\u00e0 !"},"content":{"rendered":"\n<p>Mardi 11 Ao\u00fbt.  Vous vous demandez peut \u00eatre pourquoi nous mettons la date. Pour 2 raisons, comme on est d\u00e9connect\u00e9s de la vie d&rsquo;avant (eh oui nous sommes actuellement dans la vraie vie&#8230;) Nous avons un peu de mal a savoir quel jour nous sommes, d&rsquo;autant que nous n&rsquo;avons pas regard\u00e9 la t\u00e9l\u00e9 depuis une semaine et demie. La seconde raison est que lorsque nous regarderons ce voyage plus tard apr\u00e8s notre retour, cela nous permettra de revivre pr\u00e9cis\u00e9ment les \u00e9tapes&#8230;car on perd vite la m\u00e9moire des lieux et la date du passage.<\/p>\n\n\n\n<figure class=\"wp-block-image size-large\"><img decoding=\"async\" loading=\"lazy\" width=\"600\" height=\"400\" src=\"https:\/\/lesquenouilles.fr\/wp-content\/uploads\/2020\/08\/img_20200811_120309_crop_312919184689353996291.jpg\" alt=\"\" class=\"wp-image-477\" srcset=\"https:\/\/lesquenouilles.fr\/wp-content\/uploads\/2020\/08\/img_20200811_120309_crop_312919184689353996291.jpg 600w, https:\/\/lesquenouilles.fr\/wp-content\/uploads\/2020\/08\/img_20200811_120309_crop_312919184689353996291-300x200.jpg 300w\" sizes=\"(max-width: 600px) 100vw, 600px\" \/><figcaption>Passage \u00e0 Bergerac le long de la Dordogne<\/figcaption><\/figure>\n\n\n\n<figure class=\"wp-block-image size-large\"><img decoding=\"async\" loading=\"lazy\" width=\"1922\" height=\"2560\" src=\"https:\/\/lesquenouilles.fr\/wp-content\/uploads\/2020\/08\/img_20200811_1347407576404507795438861-scaled.jpg\" alt=\"\" class=\"wp-image-478\" srcset=\"https:\/\/lesquenouilles.fr\/wp-content\/uploads\/2020\/08\/img_20200811_1347407576404507795438861-scaled.jpg 1922w, https:\/\/lesquenouilles.fr\/wp-content\/uploads\/2020\/08\/img_20200811_1347407576404507795438861-225x300.jpg 225w, https:\/\/lesquenouilles.fr\/wp-content\/uploads\/2020\/08\/img_20200811_1347407576404507795438861-769x1024.jpg 769w, https:\/\/lesquenouilles.fr\/wp-content\/uploads\/2020\/08\/img_20200811_1347407576404507795438861-768x1023.jpg 768w, https:\/\/lesquenouilles.fr\/wp-content\/uploads\/2020\/08\/img_20200811_1347407576404507795438861-1153x1536.jpg 1153w, https:\/\/lesquenouilles.fr\/wp-content\/uploads\/2020\/08\/img_20200811_1347407576404507795438861-1538x2048.jpg 1538w\" sizes=\"(max-width: 1922px) 100vw, 1922px\" \/><figcaption>Pause du midi avec une petite paella maison sortie du cong\u00e9lateur<\/figcaption><\/figure>\n\n\n\n<figure class=\"wp-block-image size-large\"><img decoding=\"async\" loading=\"lazy\" width=\"2560\" height=\"1920\" src=\"https:\/\/lesquenouilles.fr\/wp-content\/uploads\/2020\/08\/img_20200811_1250305408691166119456730-scaled.jpg\" alt=\"\" class=\"wp-image-479\" srcset=\"https:\/\/lesquenouilles.fr\/wp-content\/uploads\/2020\/08\/img_20200811_1250305408691166119456730-scaled.jpg 2560w, https:\/\/lesquenouilles.fr\/wp-content\/uploads\/2020\/08\/img_20200811_1250305408691166119456730-300x225.jpg 300w, https:\/\/lesquenouilles.fr\/wp-content\/uploads\/2020\/08\/img_20200811_1250305408691166119456730-1024x768.jpg 1024w, https:\/\/lesquenouilles.fr\/wp-content\/uploads\/2020\/08\/img_20200811_1250305408691166119456730-768x576.jpg 768w, https:\/\/lesquenouilles.fr\/wp-content\/uploads\/2020\/08\/img_20200811_1250305408691166119456730-1536x1152.jpg 1536w, https:\/\/lesquenouilles.fr\/wp-content\/uploads\/2020\/08\/img_20200811_1250305408691166119456730-2048x1536.jpg 2048w\" sizes=\"(max-width: 2560px) 100vw, 2560px\" \/><figcaption>Petit d\u00e9versoir sur la Dordogne<\/figcaption><\/figure>\n","protected":false},"excerpt":{"rendered":"<p>Mardi 11 Ao\u00fbt. Vous vous demandez peut \u00eatre pourquoi nous mettons la date. Pour 2 raisons, comme on est d\u00e9connect\u00e9s de la vie d&rsquo;avant (eh oui nous sommes actuellement dans la vraie vie&#8230;) Nous avons un peu de mal a savoir quel jour nous sommes, d&rsquo;autant que nous n&rsquo;avons pas regard\u00e9 la t\u00e9l\u00e9 depuis une [&hellip;]<\/p>\n","protected":false},"author":1,"featured_media":477,"comment_status":"open","ping_status":"open","sticky":false,"template":"","format":"standard","meta":[],"categories":[17],"tags":[9],"_links":{"self":[{"href":"https:\/\/lesquenouilles.fr\/index.php\/wp-json\/wp\/v2\/posts\/480"}],"collection":[{"href":"https:\/\/lesquenouilles.fr\/index.php\/wp-json\/wp\/v2\/posts"}],"about":[{"href":"https:\/\/lesquenouilles.fr\/index.php\/wp-json\/wp\/v2\/types\/post"}],"author":[{"embeddable":true,"href":"https:\/\/lesquenouilles.fr\/index.php\/wp-json\/wp\/v2\/users\/1"}],"replies":[{"embeddable":true,"href":"https:\/\/lesquenouilles.fr\/index.php\/wp-json\/wp\/v2\/comments?post=480"}],"version-history":[{"count":1,"href":"https:\/\/lesquenouilles.fr\/index.php\/wp-json\/wp\/v2\/posts\/480\/revisions"}],"predecessor-version":[{"id":481,"href":"https:\/\/lesquenouilles.fr\/index.php\/wp-json\/wp\/v2\/posts\/480\/revisions\/481"}],"wp:featuredmedia":[{"embeddable":true,"href":"https:\/\/lesquenouilles.fr\/index.php\/wp-json\/wp\/v2\/media\/477"}],"wp:attachment":[{"href":"https:\/\/lesquenouilles.fr\/index.php\/wp-json\/wp\/v2\/media?parent=480"}],"wp:term":[{"taxonomy":"category","embeddable":true,"href":"https:\/\/lesquenouilles.fr\/index.php\/wp-json\/wp\/v2\/categories?post=480"},{"taxonomy":"post_tag","embeddable":true,"href":"https:\/\/lesquenouilles.fr\/index.php\/wp-json\/wp\/v2\/tags?post=480"}],"curies":[{"name":"wp","href":"https:\/\/api.w.org\/{rel}","templated":true}]}}