{"id":487,"date":"2020-08-12T18:09:21","date_gmt":"2020-08-12T16:09:21","guid":{"rendered":"https:\/\/lesquenouilles.fr\/?p=487"},"modified":"2020-08-12T18:12:37","modified_gmt":"2020-08-12T16:12:37","slug":"pas-le-choix-on-remonte","status":"publish","type":"post","link":"https:\/\/lesquenouilles.fr\/index.php\/2020\/08\/12\/pas-le-choix-on-remonte\/","title":{"rendered":"Pas le choix&#8230;on remonte"},"content":{"rendered":"\n<p>Mercredi 12 Ao\u00fbt.<\/p>\n\n\n\n<p>C&rsquo;est la remont\u00e9e vers la maison&#8230; Doucement quand m\u00eame, mais il faut entamer la remont\u00e9e. Pour fuir la chaleur \u00e9touffante de ces derniers jours, quoiqu&rsquo;elle soit partout mais aussi pour \u00e9viter d&rsquo;avaler trop de kilom\u00e8tres d&rsquo;un duel coup.<\/p>\n\n\n\n<p>Mercredi midi pause au dessus de Angoul\u00eame \u00e0 Marsac en bordure de la Charente. <\/p>\n\n\n\n<figure class=\"wp-block-image size-large\"><img decoding=\"async\" loading=\"lazy\" width=\"2560\" height=\"1920\" src=\"https:\/\/lesquenouilles.fr\/wp-content\/uploads\/2020\/08\/img_20200812_1340047487603372691406886-scaled.jpg\" alt=\"\" class=\"wp-image-490\" srcset=\"https:\/\/lesquenouilles.fr\/wp-content\/uploads\/2020\/08\/img_20200812_1340047487603372691406886-scaled.jpg 2560w, https:\/\/lesquenouilles.fr\/wp-content\/uploads\/2020\/08\/img_20200812_1340047487603372691406886-300x225.jpg 300w, https:\/\/lesquenouilles.fr\/wp-content\/uploads\/2020\/08\/img_20200812_1340047487603372691406886-1024x768.jpg 1024w, https:\/\/lesquenouilles.fr\/wp-content\/uploads\/2020\/08\/img_20200812_1340047487603372691406886-768x576.jpg 768w, https:\/\/lesquenouilles.fr\/wp-content\/uploads\/2020\/08\/img_20200812_1340047487603372691406886-1536x1152.jpg 1536w, https:\/\/lesquenouilles.fr\/wp-content\/uploads\/2020\/08\/img_20200812_1340047487603372691406886-2048x1536.jpg 2048w\" sizes=\"(max-width: 2560px) 100vw, 2560px\" \/><figcaption>Petite pause de midi au bord de la Charente<\/figcaption><\/figure>\n\n\n\n<figure class=\"wp-block-image size-large\"><img decoding=\"async\" loading=\"lazy\" width=\"2560\" height=\"1920\" src=\"https:\/\/lesquenouilles.fr\/wp-content\/uploads\/2020\/08\/img_20200812_1339252961849933410318194-scaled.jpg\" alt=\"\" class=\"wp-image-489\" srcset=\"https:\/\/lesquenouilles.fr\/wp-content\/uploads\/2020\/08\/img_20200812_1339252961849933410318194-scaled.jpg 2560w, https:\/\/lesquenouilles.fr\/wp-content\/uploads\/2020\/08\/img_20200812_1339252961849933410318194-300x225.jpg 300w, https:\/\/lesquenouilles.fr\/wp-content\/uploads\/2020\/08\/img_20200812_1339252961849933410318194-1024x768.jpg 1024w, https:\/\/lesquenouilles.fr\/wp-content\/uploads\/2020\/08\/img_20200812_1339252961849933410318194-768x576.jpg 768w, https:\/\/lesquenouilles.fr\/wp-content\/uploads\/2020\/08\/img_20200812_1339252961849933410318194-1536x1152.jpg 1536w, https:\/\/lesquenouilles.fr\/wp-content\/uploads\/2020\/08\/img_20200812_1339252961849933410318194-2048x1536.jpg 2048w\" sizes=\"(max-width: 2560px) 100vw, 2560px\" \/><\/figure>\n\n\n\n<figure class=\"wp-block-image size-large\"><img decoding=\"async\" loading=\"lazy\" width=\"2560\" height=\"1923\" src=\"https:\/\/lesquenouilles.fr\/wp-content\/uploads\/2020\/08\/img_20200812_1340243731880778767548763-scaled.jpg\" alt=\"\" class=\"wp-image-486\" srcset=\"https:\/\/lesquenouilles.fr\/wp-content\/uploads\/2020\/08\/img_20200812_1340243731880778767548763-scaled.jpg 2560w, https:\/\/lesquenouilles.fr\/wp-content\/uploads\/2020\/08\/img_20200812_1340243731880778767548763-300x225.jpg 300w, https:\/\/lesquenouilles.fr\/wp-content\/uploads\/2020\/08\/img_20200812_1340243731880778767548763-1024x769.jpg 1024w, https:\/\/lesquenouilles.fr\/wp-content\/uploads\/2020\/08\/img_20200812_1340243731880778767548763-768x577.jpg 768w, https:\/\/lesquenouilles.fr\/wp-content\/uploads\/2020\/08\/img_20200812_1340243731880778767548763-1536x1154.jpg 1536w, https:\/\/lesquenouilles.fr\/wp-content\/uploads\/2020\/08\/img_20200812_1340243731880778767548763-2048x1538.jpg 2048w\" sizes=\"(max-width: 2560px) 100vw, 2560px\" \/><figcaption>Dommage &#8230;pas le temps mais petit banc de gardons<\/figcaption><\/figure>\n\n\n\n<p>18 heures&#8230;fin de journ\u00e9e conduite. On se stationne a quelques kilom\u00e8tres au sud de La Roche sur Yon&#8230;<\/p>\n\n\n\n<p>Demain on terminera la boucle par un petit passage du c\u00f4t\u00e9 de La Turballe<\/p>\n\n\n\n<p><\/p>\n","protected":false},"excerpt":{"rendered":"<p>Mercredi 12 Ao\u00fbt. C&rsquo;est la remont\u00e9e vers la maison&#8230; Doucement quand m\u00eame, mais il faut entamer la remont\u00e9e. Pour fuir la chaleur \u00e9touffante de ces derniers jours, quoiqu&rsquo;elle soit partout mais aussi pour \u00e9viter d&rsquo;avaler trop de kilom\u00e8tres d&rsquo;un duel coup. Mercredi midi pause au dessus de Angoul\u00eame \u00e0 Marsac en bordure de la Charente. [&hellip;]<\/p>\n","protected":false},"author":1,"featured_media":492,"comment_status":"open","ping_status":"open","sticky":false,"template":"","format":"standard","meta":[],"categories":[17],"tags":[],"_links":{"self":[{"href":"https:\/\/lesquenouilles.fr\/index.php\/wp-json\/wp\/v2\/posts\/487"}],"collection":[{"href":"https:\/\/lesquenouilles.fr\/index.php\/wp-json\/wp\/v2\/posts"}],"about":[{"href":"https:\/\/lesquenouilles.fr\/index.php\/wp-json\/wp\/v2\/types\/post"}],"author":[{"embeddable":true,"href":"https:\/\/lesquenouilles.fr\/index.php\/wp-json\/wp\/v2\/users\/1"}],"replies":[{"embeddable":true,"href":"https:\/\/lesquenouilles.fr\/index.php\/wp-json\/wp\/v2\/comments?post=487"}],"version-history":[{"count":3,"href":"https:\/\/lesquenouilles.fr\/index.php\/wp-json\/wp\/v2\/posts\/487\/revisions"}],"predecessor-version":[{"id":493,"href":"https:\/\/lesquenouilles.fr\/index.php\/wp-json\/wp\/v2\/posts\/487\/revisions\/493"}],"wp:featuredmedia":[{"embeddable":true,"href":"https:\/\/lesquenouilles.fr\/index.php\/wp-json\/wp\/v2\/media\/492"}],"wp:attachment":[{"href":"https:\/\/lesquenouilles.fr\/index.php\/wp-json\/wp\/v2\/media?parent=487"}],"wp:term":[{"taxonomy":"category","embeddable":true,"href":"https:\/\/lesquenouilles.fr\/index.php\/wp-json\/wp\/v2\/categories?post=487"},{"taxonomy":"post_tag","embeddable":true,"href":"https:\/\/lesquenouilles.fr\/index.php\/wp-json\/wp\/v2\/tags?post=487"}],"curies":[{"name":"wp","href":"https:\/\/api.w.org\/{rel}","templated":true}]}}