{"id":544,"date":"2021-05-15T12:41:20","date_gmt":"2021-05-15T10:41:20","guid":{"rendered":"https:\/\/lesquenouilles.fr\/?p=544"},"modified":"2021-05-15T15:44:21","modified_gmt":"2021-05-15T13:44:21","slug":"ascension-2021-chapelle-saint-michel-brennilis","status":"publish","type":"post","link":"https:\/\/lesquenouilles.fr\/index.php\/2021\/05\/15\/ascension-2021-chapelle-saint-michel-brennilis\/","title":{"rendered":"Ascension 2021 : chapelle Saint Michel Brennilis"},"content":{"rendered":"\n<p>Belle sortie nature VTT, un parcours le matin autour de la chapelle Saint Michel (381 m d&rsquo;altitude). Tr\u00e8s beau panorama, un peu de vent&#8230;<\/p>\n\n\n\n<figure class=\"wp-block-image size-large\"><img decoding=\"async\" loading=\"lazy\" width=\"2560\" height=\"704\" src=\"https:\/\/lesquenouilles.fr\/wp-content\/uploads\/2021\/05\/pano_20210514_110242_compress365208762714954396597-scaled.jpg\" alt=\"\" class=\"wp-image-542\" srcset=\"https:\/\/lesquenouilles.fr\/wp-content\/uploads\/2021\/05\/pano_20210514_110242_compress365208762714954396597-scaled.jpg 2560w, https:\/\/lesquenouilles.fr\/wp-content\/uploads\/2021\/05\/pano_20210514_110242_compress365208762714954396597-300x83.jpg 300w, https:\/\/lesquenouilles.fr\/wp-content\/uploads\/2021\/05\/pano_20210514_110242_compress365208762714954396597-1024x282.jpg 1024w, https:\/\/lesquenouilles.fr\/wp-content\/uploads\/2021\/05\/pano_20210514_110242_compress365208762714954396597-768x211.jpg 768w, https:\/\/lesquenouilles.fr\/wp-content\/uploads\/2021\/05\/pano_20210514_110242_compress365208762714954396597-1536x423.jpg 1536w, https:\/\/lesquenouilles.fr\/wp-content\/uploads\/2021\/05\/pano_20210514_110242_compress365208762714954396597-2048x563.jpg 2048w\" sizes=\"(max-width: 2560px) 100vw, 2560px\" \/><figcaption>La chapelle Saint Michel <\/figcaption><\/figure>\n\n\n\n<p>La boucle du retour s&rsquo;est d\u00e9roul\u00e9e en terrain tr\u00e8s boueux &#8230;.une belle boucle de 18 kms avec un terrain souvent tr\u00e8s caillouteux<\/p>\n\n\n\n<figure class=\"wp-block-image size-large\"><img decoding=\"async\" loading=\"lazy\" width=\"1736\" height=\"2312\" src=\"https:\/\/lesquenouilles.fr\/wp-content\/uploads\/2021\/05\/img_20210514_122539_compress98890069084387537611.jpg\" alt=\"\" class=\"wp-image-540\" srcset=\"https:\/\/lesquenouilles.fr\/wp-content\/uploads\/2021\/05\/img_20210514_122539_compress98890069084387537611.jpg 1736w, https:\/\/lesquenouilles.fr\/wp-content\/uploads\/2021\/05\/img_20210514_122539_compress98890069084387537611-225x300.jpg 225w, https:\/\/lesquenouilles.fr\/wp-content\/uploads\/2021\/05\/img_20210514_122539_compress98890069084387537611-769x1024.jpg 769w, https:\/\/lesquenouilles.fr\/wp-content\/uploads\/2021\/05\/img_20210514_122539_compress98890069084387537611-768x1023.jpg 768w, https:\/\/lesquenouilles.fr\/wp-content\/uploads\/2021\/05\/img_20210514_122539_compress98890069084387537611-1153x1536.jpg 1153w, https:\/\/lesquenouilles.fr\/wp-content\/uploads\/2021\/05\/img_20210514_122539_compress98890069084387537611-1538x2048.jpg 1538w\" sizes=\"(max-width: 1736px) 100vw, 1736px\" \/><\/figure>\n\n\n\n<p>Apr\u00e8s un repas bien m\u00e9rit\u00e9, nous reprenons nos montures direction le tour du lac de Brennilis et sa centrale nucl\u00e9aire d\u00e9saffect\u00e9e<br \/><\/p>\n\n\n\n<figure class=\"wp-block-image size-large\"><img decoding=\"async\" loading=\"lazy\" width=\"2312\" height=\"1736\" src=\"https:\/\/lesquenouilles.fr\/wp-content\/uploads\/2021\/05\/img_20210514_110449_compress263578032016532144655.jpg\" alt=\"\" class=\"wp-image-538\" srcset=\"https:\/\/lesquenouilles.fr\/wp-content\/uploads\/2021\/05\/img_20210514_110449_compress263578032016532144655.jpg 2312w, https:\/\/lesquenouilles.fr\/wp-content\/uploads\/2021\/05\/img_20210514_110449_compress263578032016532144655-300x225.jpg 300w, https:\/\/lesquenouilles.fr\/wp-content\/uploads\/2021\/05\/img_20210514_110449_compress263578032016532144655-1024x769.jpg 1024w, https:\/\/lesquenouilles.fr\/wp-content\/uploads\/2021\/05\/img_20210514_110449_compress263578032016532144655-768x577.jpg 768w, https:\/\/lesquenouilles.fr\/wp-content\/uploads\/2021\/05\/img_20210514_110449_compress263578032016532144655-1536x1153.jpg 1536w, https:\/\/lesquenouilles.fr\/wp-content\/uploads\/2021\/05\/img_20210514_110449_compress263578032016532144655-2048x1538.jpg 2048w\" sizes=\"(max-width: 2312px) 100vw, 2312px\" \/><figcaption>Le lac de Brennilis<\/figcaption><\/figure>\n\n\n\n<p>Un parcours de 30 kms ce qui nous fera un bon total de 48 kms sur la journ\u00e9e &#8230;pas mal pour l&rsquo;\u00e2ge !!<\/p>\n\n\n\n<figure class=\"wp-block-image size-large\"><img decoding=\"async\" loading=\"lazy\" width=\"2304\" height=\"1728\" src=\"https:\/\/lesquenouilles.fr\/wp-content\/uploads\/2021\/05\/img_20210514_110404_compress501704162597690994146.jpg\" alt=\"\" class=\"wp-image-537\" srcset=\"https:\/\/lesquenouilles.fr\/wp-content\/uploads\/2021\/05\/img_20210514_110404_compress501704162597690994146.jpg 2304w, https:\/\/lesquenouilles.fr\/wp-content\/uploads\/2021\/05\/img_20210514_110404_compress501704162597690994146-300x225.jpg 300w, https:\/\/lesquenouilles.fr\/wp-content\/uploads\/2021\/05\/img_20210514_110404_compress501704162597690994146-1024x768.jpg 1024w, https:\/\/lesquenouilles.fr\/wp-content\/uploads\/2021\/05\/img_20210514_110404_compress501704162597690994146-768x576.jpg 768w, https:\/\/lesquenouilles.fr\/wp-content\/uploads\/2021\/05\/img_20210514_110404_compress501704162597690994146-1536x1152.jpg 1536w, https:\/\/lesquenouilles.fr\/wp-content\/uploads\/2021\/05\/img_20210514_110404_compress501704162597690994146-2048x1536.jpg 2048w\" sizes=\"(max-width: 2304px) 100vw, 2304px\" \/><figcaption>Beau panorama a 381 m<\/figcaption><\/figure>\n\n\n\n<figure class=\"wp-block-image size-large\"><img decoding=\"async\" loading=\"lazy\" width=\"1736\" height=\"2312\" src=\"https:\/\/lesquenouilles.fr\/wp-content\/uploads\/2021\/05\/img_20210514_122630_compress228960396189198693548.jpg\" alt=\"\" class=\"wp-image-543\" srcset=\"https:\/\/lesquenouilles.fr\/wp-content\/uploads\/2021\/05\/img_20210514_122630_compress228960396189198693548.jpg 1736w, https:\/\/lesquenouilles.fr\/wp-content\/uploads\/2021\/05\/img_20210514_122630_compress228960396189198693548-225x300.jpg 225w, https:\/\/lesquenouilles.fr\/wp-content\/uploads\/2021\/05\/img_20210514_122630_compress228960396189198693548-769x1024.jpg 769w, https:\/\/lesquenouilles.fr\/wp-content\/uploads\/2021\/05\/img_20210514_122630_compress228960396189198693548-768x1023.jpg 768w, https:\/\/lesquenouilles.fr\/wp-content\/uploads\/2021\/05\/img_20210514_122630_compress228960396189198693548-1153x1536.jpg 1153w, https:\/\/lesquenouilles.fr\/wp-content\/uploads\/2021\/05\/img_20210514_122630_compress228960396189198693548-1538x2048.jpg 1538w\" sizes=\"(max-width: 1736px) 100vw, 1736px\" \/><figcaption>On a un peu sali le materiel<\/figcaption><\/figure>\n\n\n\n<figure class=\"wp-block-image size-large\"><img decoding=\"async\" loading=\"lazy\" width=\"1736\" height=\"2312\" src=\"https:\/\/lesquenouilles.fr\/wp-content\/uploads\/2021\/05\/img_20210514_164542_compress36830998517698823610.jpg\" alt=\"\" class=\"wp-image-541\" srcset=\"https:\/\/lesquenouilles.fr\/wp-content\/uploads\/2021\/05\/img_20210514_164542_compress36830998517698823610.jpg 1736w, https:\/\/lesquenouilles.fr\/wp-content\/uploads\/2021\/05\/img_20210514_164542_compress36830998517698823610-225x300.jpg 225w, https:\/\/lesquenouilles.fr\/wp-content\/uploads\/2021\/05\/img_20210514_164542_compress36830998517698823610-769x1024.jpg 769w, https:\/\/lesquenouilles.fr\/wp-content\/uploads\/2021\/05\/img_20210514_164542_compress36830998517698823610-768x1023.jpg 768w, https:\/\/lesquenouilles.fr\/wp-content\/uploads\/2021\/05\/img_20210514_164542_compress36830998517698823610-1153x1536.jpg 1153w, https:\/\/lesquenouilles.fr\/wp-content\/uploads\/2021\/05\/img_20210514_164542_compress36830998517698823610-1538x2048.jpg 1538w\" sizes=\"(max-width: 1736px) 100vw, 1736px\" \/><figcaption>D\u00e9paysement total au milieu des tourbieres<\/figcaption><\/figure>\n","protected":false},"excerpt":{"rendered":"<p>Belle sortie nature VTT, un parcours le matin autour de la chapelle Saint Michel (381 m d&rsquo;altitude). Tr\u00e8s beau panorama, un peu de vent&#8230; La boucle du retour s&rsquo;est d\u00e9roul\u00e9e en terrain tr\u00e8s boueux &#8230;.une belle boucle de 18 kms avec un terrain souvent tr\u00e8s caillouteux Apr\u00e8s un repas bien m\u00e9rit\u00e9, nous reprenons nos montures [&hellip;]<\/p>\n","protected":false},"author":1,"featured_media":539,"comment_status":"open","ping_status":"open","sticky":false,"template":"","format":"standard","meta":[],"categories":[20],"tags":[9],"_links":{"self":[{"href":"https:\/\/lesquenouilles.fr\/index.php\/wp-json\/wp\/v2\/posts\/544"}],"collection":[{"href":"https:\/\/lesquenouilles.fr\/index.php\/wp-json\/wp\/v2\/posts"}],"about":[{"href":"https:\/\/lesquenouilles.fr\/index.php\/wp-json\/wp\/v2\/types\/post"}],"author":[{"embeddable":true,"href":"https:\/\/lesquenouilles.fr\/index.php\/wp-json\/wp\/v2\/users\/1"}],"replies":[{"embeddable":true,"href":"https:\/\/lesquenouilles.fr\/index.php\/wp-json\/wp\/v2\/comments?post=544"}],"version-history":[{"count":1,"href":"https:\/\/lesquenouilles.fr\/index.php\/wp-json\/wp\/v2\/posts\/544\/revisions"}],"predecessor-version":[{"id":545,"href":"https:\/\/lesquenouilles.fr\/index.php\/wp-json\/wp\/v2\/posts\/544\/revisions\/545"}],"wp:featuredmedia":[{"embeddable":true,"href":"https:\/\/lesquenouilles.fr\/index.php\/wp-json\/wp\/v2\/media\/539"}],"wp:attachment":[{"href":"https:\/\/lesquenouilles.fr\/index.php\/wp-json\/wp\/v2\/media?parent=544"}],"wp:term":[{"taxonomy":"category","embeddable":true,"href":"https:\/\/lesquenouilles.fr\/index.php\/wp-json\/wp\/v2\/categories?post=544"},{"taxonomy":"post_tag","embeddable":true,"href":"https:\/\/lesquenouilles.fr\/index.php\/wp-json\/wp\/v2\/tags?post=544"}],"curies":[{"name":"wp","href":"https:\/\/api.w.org\/{rel}","templated":true}]}}