{"id":590,"date":"2021-08-01T09:52:11","date_gmt":"2021-08-01T07:52:11","guid":{"rendered":"https:\/\/lesquenouilles.fr\/?p=590"},"modified":"2021-08-01T09:55:08","modified_gmt":"2021-08-01T07:55:08","slug":"que-faire-rester-bouger","status":"publish","type":"post","link":"https:\/\/lesquenouilles.fr\/index.php\/2021\/08\/01\/que-faire-rester-bouger\/","title":{"rendered":"Que faire ? Rester ? Bouger ?"},"content":{"rendered":"\n<p>Premi\u00e8re nuit pass\u00e9e sur l&rsquo;aire de camping car du Mont Dore. L&rsquo;aire n&rsquo;est pas tr\u00e8s bien entretenue, cela nous rappelle un camping dans lequel nous avons pass\u00e9s quelques dizaines d&rsquo;ann\u00e9es&#8230;<\/p>\n\n\n\n<figure class=\"wp-block-image size-full\"><img decoding=\"async\" loading=\"lazy\" width=\"947\" height=\"631\" src=\"https:\/\/lesquenouilles.fr\/wp-content\/uploads\/2021\/08\/IMG_20210801_091149_crop_88.jpg\" alt=\"\" class=\"wp-image-589\" srcset=\"https:\/\/lesquenouilles.fr\/wp-content\/uploads\/2021\/08\/IMG_20210801_091149_crop_88.jpg 947w, https:\/\/lesquenouilles.fr\/wp-content\/uploads\/2021\/08\/IMG_20210801_091149_crop_88-300x200.jpg 300w, https:\/\/lesquenouilles.fr\/wp-content\/uploads\/2021\/08\/IMG_20210801_091149_crop_88-768x512.jpg 768w\" sizes=\"(max-width: 947px) 100vw, 947px\" \/><figcaption>la meteo du jour d&rsquo;apr\u00e8s Jean Lou<\/figcaption><\/figure>\n\n\n\n<p>Jean Lou nous donne sa m\u00e9t\u00e9o sur la station&#8230;il faut dire qu&rsquo;avec les cordes qui sont tomb\u00e9es cette nuit&#8230;.il ne se trompe pas ! 11 degr\u00e9s pluie battante dehors, 16.5 au r\u00e9veil int\u00e9rieur (merci le chauffage)<\/p>\n\n\n\n<p>Bref&#8230;la m\u00e9t\u00e9o annonc\u00e9e de la semaine est merdique. Et comme on est un peu en altitude on perd quelques degr\u00e9s pr\u00e9cieux&#8230;on a l&rsquo;air malins avec nos culottes courtes !!!<\/p>\n\n\n\n<p>Donc grosse r\u00e9flexion en cours&#8230; Rester ou bouger quitte \u00e0 avoir du temps de merde autant avoir 2..3 degr\u00e9s de mieux&#8230;c&rsquo;est essentiel pour un thermostat f\u00e9minin \ud83d\ude04<\/p>\n","protected":false},"excerpt":{"rendered":"<p>Premi\u00e8re nuit pass\u00e9e sur l&rsquo;aire de camping car du Mont Dore. L&rsquo;aire n&rsquo;est pas tr\u00e8s bien entretenue, cela nous rappelle un camping dans lequel nous avons pass\u00e9s quelques dizaines d&rsquo;ann\u00e9es&#8230; Jean Lou nous donne sa m\u00e9t\u00e9o sur la station&#8230;il faut dire qu&rsquo;avec les cordes qui sont tomb\u00e9es cette nuit&#8230;.il ne se trompe pas ! 11 [&hellip;]<\/p>\n","protected":false},"author":1,"featured_media":589,"comment_status":"open","ping_status":"open","sticky":false,"template":"","format":"standard","meta":[],"categories":[20],"tags":[24,22],"_links":{"self":[{"href":"https:\/\/lesquenouilles.fr\/index.php\/wp-json\/wp\/v2\/posts\/590"}],"collection":[{"href":"https:\/\/lesquenouilles.fr\/index.php\/wp-json\/wp\/v2\/posts"}],"about":[{"href":"https:\/\/lesquenouilles.fr\/index.php\/wp-json\/wp\/v2\/types\/post"}],"author":[{"embeddable":true,"href":"https:\/\/lesquenouilles.fr\/index.php\/wp-json\/wp\/v2\/users\/1"}],"replies":[{"embeddable":true,"href":"https:\/\/lesquenouilles.fr\/index.php\/wp-json\/wp\/v2\/comments?post=590"}],"version-history":[{"count":2,"href":"https:\/\/lesquenouilles.fr\/index.php\/wp-json\/wp\/v2\/posts\/590\/revisions"}],"predecessor-version":[{"id":594,"href":"https:\/\/lesquenouilles.fr\/index.php\/wp-json\/wp\/v2\/posts\/590\/revisions\/594"}],"wp:featuredmedia":[{"embeddable":true,"href":"https:\/\/lesquenouilles.fr\/index.php\/wp-json\/wp\/v2\/media\/589"}],"wp:attachment":[{"href":"https:\/\/lesquenouilles.fr\/index.php\/wp-json\/wp\/v2\/media?parent=590"}],"wp:term":[{"taxonomy":"category","embeddable":true,"href":"https:\/\/lesquenouilles.fr\/index.php\/wp-json\/wp\/v2\/categories?post=590"},{"taxonomy":"post_tag","embeddable":true,"href":"https:\/\/lesquenouilles.fr\/index.php\/wp-json\/wp\/v2\/tags?post=590"}],"curies":[{"name":"wp","href":"https:\/\/api.w.org\/{rel}","templated":true}]}}