{"id":631,"date":"2021-08-04T14:18:43","date_gmt":"2021-08-04T12:18:43","guid":{"rendered":"https:\/\/lesquenouilles.fr\/?p=631"},"modified":"2021-08-04T14:19:36","modified_gmt":"2021-08-04T12:19:36","slug":"mercredi-04-aout-deprimant","status":"publish","type":"post","link":"https:\/\/lesquenouilles.fr\/index.php\/2021\/08\/04\/mercredi-04-aout-deprimant\/","title":{"rendered":"Mercredi 04 Ao\u00fbt&#8230;d\u00e9primant ?"},"content":{"rendered":"\n<p>Il a plu toute la nuit&#8230;.pas original n&rsquo;est ce pas !<\/p>\n\n\n\n<p>comme tout le monde, on subit cette m\u00e9t\u00e9o en attendant le soleil. A priori, d&rsquo;apr\u00e8s ce que l&rsquo;on voit, a la maison ce n&rsquo;est pas mieux. On a une pens\u00e9e pour celles qui travaillent&#8230; Courage.<\/p>\n\n\n\n<p>Ce matin, compilation des cartes et autres sites pour rechercher un point de chute&#8230; On ne trouve rien d&rsquo;int\u00e9ressant. Du coup on reste chez B\u00e9bert pour aujourd&rsquo;hui afin d&rsquo;aller au march\u00e9 nocturne des producteurs ce soir.<\/p>\n\n\n\n<p>on r\u00e9ussit quand m\u00eame a boire l&rsquo;ap\u00e9ro dehors ce midi<\/p>\n\n\n\n<figure class=\"wp-block-image size-full\"><img decoding=\"async\" loading=\"lazy\" width=\"640\" height=\"480\" src=\"https:\/\/lesquenouilles.fr\/wp-content\/uploads\/2021\/08\/IMG_20210804_130815_resize_98.jpg\" alt=\"\" class=\"wp-image-629\" srcset=\"https:\/\/lesquenouilles.fr\/wp-content\/uploads\/2021\/08\/IMG_20210804_130815_resize_98.jpg 640w, https:\/\/lesquenouilles.fr\/wp-content\/uploads\/2021\/08\/IMG_20210804_130815_resize_98-300x225.jpg 300w\" sizes=\"(max-width: 640px) 100vw, 640px\" \/><figcaption>C&rsquo;est sympa chez Bebert&#8230;manque juste le soleil<\/figcaption><\/figure>\n\n\n\n<figure class=\"wp-block-image size-full\"><img decoding=\"async\" loading=\"lazy\" width=\"640\" height=\"480\" src=\"https:\/\/lesquenouilles.fr\/wp-content\/uploads\/2021\/08\/IMG_20210804_130804_resize_72.jpg\" alt=\"\" class=\"wp-image-630\" srcset=\"https:\/\/lesquenouilles.fr\/wp-content\/uploads\/2021\/08\/IMG_20210804_130804_resize_72.jpg 640w, https:\/\/lesquenouilles.fr\/wp-content\/uploads\/2021\/08\/IMG_20210804_130804_resize_72-300x225.jpg 300w\" sizes=\"(max-width: 640px) 100vw, 640px\" \/><figcaption>Cherchez pas Monsieur connard, il s&rsquo;est gar\u00e9 \u00e0 c\u00f4t\u00e9 de nous !<\/figcaption><\/figure>\n\n\n\n<p>oui, comme au supermarch\u00e9 il y a de la place partout, mais il y a toujours le champion du monde qui vient se garer \u00e0 c\u00f4t\u00e9 de vous<\/p>\n","protected":false},"excerpt":{"rendered":"<p>Il a plu toute la nuit&#8230;.pas original n&rsquo;est ce pas ! comme tout le monde, on subit cette m\u00e9t\u00e9o en attendant le soleil. A priori, d&rsquo;apr\u00e8s ce que l&rsquo;on voit, a la maison ce n&rsquo;est pas mieux. On a une pens\u00e9e pour celles qui travaillent&#8230; Courage. Ce matin, compilation des cartes et autres sites pour [&hellip;]<\/p>\n","protected":false},"author":1,"featured_media":0,"comment_status":"open","ping_status":"open","sticky":false,"template":"","format":"standard","meta":[],"categories":[20],"tags":[26,22],"_links":{"self":[{"href":"https:\/\/lesquenouilles.fr\/index.php\/wp-json\/wp\/v2\/posts\/631"}],"collection":[{"href":"https:\/\/lesquenouilles.fr\/index.php\/wp-json\/wp\/v2\/posts"}],"about":[{"href":"https:\/\/lesquenouilles.fr\/index.php\/wp-json\/wp\/v2\/types\/post"}],"author":[{"embeddable":true,"href":"https:\/\/lesquenouilles.fr\/index.php\/wp-json\/wp\/v2\/users\/1"}],"replies":[{"embeddable":true,"href":"https:\/\/lesquenouilles.fr\/index.php\/wp-json\/wp\/v2\/comments?post=631"}],"version-history":[{"count":1,"href":"https:\/\/lesquenouilles.fr\/index.php\/wp-json\/wp\/v2\/posts\/631\/revisions"}],"predecessor-version":[{"id":632,"href":"https:\/\/lesquenouilles.fr\/index.php\/wp-json\/wp\/v2\/posts\/631\/revisions\/632"}],"wp:attachment":[{"href":"https:\/\/lesquenouilles.fr\/index.php\/wp-json\/wp\/v2\/media?parent=631"}],"wp:term":[{"taxonomy":"category","embeddable":true,"href":"https:\/\/lesquenouilles.fr\/index.php\/wp-json\/wp\/v2\/categories?post=631"},{"taxonomy":"post_tag","embeddable":true,"href":"https:\/\/lesquenouilles.fr\/index.php\/wp-json\/wp\/v2\/tags?post=631"}],"curies":[{"name":"wp","href":"https:\/\/api.w.org\/{rel}","templated":true}]}}