{"id":666,"date":"2021-08-10T09:58:20","date_gmt":"2021-08-10T07:58:20","guid":{"rendered":"https:\/\/lesquenouilles.fr\/?p=666"},"modified":"2021-08-10T10:02:01","modified_gmt":"2021-08-10T08:02:01","slug":"lundi-09-aout-sortie-sportive-et-repas-local","status":"publish","type":"post","link":"https:\/\/lesquenouilles.fr\/index.php\/2021\/08\/10\/lundi-09-aout-sortie-sportive-et-repas-local\/","title":{"rendered":"Lundi 09 Ao\u00fbt&#8230;sortie sportive et repas local"},"content":{"rendered":"\n<p>Ce lundi 09 Ao\u00fbt nous avons r\u00e9serv\u00e9 une sortie trotinette \u00e9lectrique tout terrain avec un loueur pour une sortie de 3 heures.<\/p>\n\n\n\n<p>Rendez vous a 17 heures pour d\u00e9couvrir les machines et prendre connaissance des consignes de s\u00e9curit\u00e9. On par avec un groupe d&rsquo;une dizaine de personnes et 2 encadrants.<\/p>\n\n\n\n<p> Les trotinettes sont des TrotRx \u00e9quip\u00e9es de 1 moteur roue arri\u00e8re et un moteur roue avant ind\u00e9pendants. On dispose de 2 g\u00e2chettes d&rsquo;acc\u00e9l\u00e9ration.<\/p>\n\n\n\n<p>Un petit tour dans le champ pour dompter la b\u00eate et c&rsquo;est parti pour plusieurs heures de ballade sur route, sentiers, chemins avec un tour des ch\u00e2teaux et des rivi\u00e8res du secteur.<\/p>\n\n\n\n<figure class=\"wp-block-image size-full\"><img decoding=\"async\" loading=\"lazy\" width=\"480\" height=\"640\" src=\"https:\/\/lesquenouilles.fr\/wp-content\/uploads\/2021\/08\/IMG_20210809_180728_resize_75-rotated.jpg\" alt=\"\" class=\"wp-image-659\" srcset=\"https:\/\/lesquenouilles.fr\/wp-content\/uploads\/2021\/08\/IMG_20210809_180728_resize_75-rotated.jpg 480w, https:\/\/lesquenouilles.fr\/wp-content\/uploads\/2021\/08\/IMG_20210809_180728_resize_75-225x300.jpg 225w\" sizes=\"(max-width: 480px) 100vw, 480px\" \/><figcaption>Nelly au guidon de sa machine<\/figcaption><\/figure>\n\n\n\n<figure class=\"wp-block-image size-full\"><img decoding=\"async\" loading=\"lazy\" width=\"480\" height=\"640\" src=\"https:\/\/lesquenouilles.fr\/wp-content\/uploads\/2021\/08\/IMG_20210809_180801_resize_27-rotated.jpg\" alt=\"\" class=\"wp-image-660\" srcset=\"https:\/\/lesquenouilles.fr\/wp-content\/uploads\/2021\/08\/IMG_20210809_180801_resize_27-rotated.jpg 480w, https:\/\/lesquenouilles.fr\/wp-content\/uploads\/2021\/08\/IMG_20210809_180801_resize_27-225x300.jpg 225w\" sizes=\"(max-width: 480px) 100vw, 480px\" \/><figcaption>Pascal pr\u00eat \u00e0 dompter la b\u00eate<\/figcaption><\/figure>\n\n\n\n<p>on a vaincu de tr\u00e8s forts d\u00e9nivel\u00e9s avec les machines qui on des qualit\u00e9s impressionnantes pour attaquer ces zones avec des mont\u00e9es et descentes assez importantes<\/p>\n\n\n\n<figure class=\"wp-block-image size-full\"><img decoding=\"async\" loading=\"lazy\" width=\"640\" height=\"480\" src=\"https:\/\/lesquenouilles.fr\/wp-content\/uploads\/2021\/08\/IMG_20210809_193939_resize_83.jpg\" alt=\"\" class=\"wp-image-662\" srcset=\"https:\/\/lesquenouilles.fr\/wp-content\/uploads\/2021\/08\/IMG_20210809_193939_resize_83.jpg 640w, https:\/\/lesquenouilles.fr\/wp-content\/uploads\/2021\/08\/IMG_20210809_193939_resize_83-300x225.jpg 300w\" sizes=\"(max-width: 640px) 100vw, 640px\" \/><figcaption>On est all\u00e9s a l&rsquo;endroit de d\u00e9collage des parapentistes avec une vue magnifique sur la vall\u00e9e o\u00f9 nous \u00e9tions quelques minutes plus t\u00f4t<\/figcaption><\/figure>\n\n\n\n<figure class=\"wp-block-image size-full\"><img decoding=\"async\" loading=\"lazy\" width=\"480\" height=\"640\" src=\"https:\/\/lesquenouilles.fr\/wp-content\/uploads\/2021\/08\/IMG_20210809_194005_resize_14-rotated.jpg\" alt=\"\" class=\"wp-image-661\" srcset=\"https:\/\/lesquenouilles.fr\/wp-content\/uploads\/2021\/08\/IMG_20210809_194005_resize_14-rotated.jpg 480w, https:\/\/lesquenouilles.fr\/wp-content\/uploads\/2021\/08\/IMG_20210809_194005_resize_14-225x300.jpg 225w\" sizes=\"(max-width: 480px) 100vw, 480px\" \/><figcaption>Belle experience<\/figcaption><\/figure>\n\n\n\n<p>A notre retour au camp de base nous avons particip\u00e9 \u00e0 un repas local organis\u00e9 par des producteurs locaux qui r\u00e9unissait environ 450 participants venus des environs&#8230; Tres sympa comme soir\u00e9e o\u00f9 nous avons fait connaissance avec nos voisins camping caristes.<\/p>\n","protected":false},"excerpt":{"rendered":"<p>Ce lundi 09 Ao\u00fbt nous avons r\u00e9serv\u00e9 une sortie trotinette \u00e9lectrique tout terrain avec un loueur pour une sortie de 3 heures. Rendez vous a 17 heures pour d\u00e9couvrir les machines et prendre connaissance des consignes de s\u00e9curit\u00e9. On par avec un groupe d&rsquo;une dizaine de personnes et 2 encadrants. Les trotinettes sont des TrotRx [&hellip;]<\/p>\n","protected":false},"author":1,"featured_media":663,"comment_status":"open","ping_status":"open","sticky":false,"template":"","format":"standard","meta":[],"categories":[20],"tags":[29,22],"_links":{"self":[{"href":"https:\/\/lesquenouilles.fr\/index.php\/wp-json\/wp\/v2\/posts\/666"}],"collection":[{"href":"https:\/\/lesquenouilles.fr\/index.php\/wp-json\/wp\/v2\/posts"}],"about":[{"href":"https:\/\/lesquenouilles.fr\/index.php\/wp-json\/wp\/v2\/types\/post"}],"author":[{"embeddable":true,"href":"https:\/\/lesquenouilles.fr\/index.php\/wp-json\/wp\/v2\/users\/1"}],"replies":[{"embeddable":true,"href":"https:\/\/lesquenouilles.fr\/index.php\/wp-json\/wp\/v2\/comments?post=666"}],"version-history":[{"count":2,"href":"https:\/\/lesquenouilles.fr\/index.php\/wp-json\/wp\/v2\/posts\/666\/revisions"}],"predecessor-version":[{"id":669,"href":"https:\/\/lesquenouilles.fr\/index.php\/wp-json\/wp\/v2\/posts\/666\/revisions\/669"}],"wp:featuredmedia":[{"embeddable":true,"href":"https:\/\/lesquenouilles.fr\/index.php\/wp-json\/wp\/v2\/media\/663"}],"wp:attachment":[{"href":"https:\/\/lesquenouilles.fr\/index.php\/wp-json\/wp\/v2\/media?parent=666"}],"wp:term":[{"taxonomy":"category","embeddable":true,"href":"https:\/\/lesquenouilles.fr\/index.php\/wp-json\/wp\/v2\/categories?post=666"},{"taxonomy":"post_tag","embeddable":true,"href":"https:\/\/lesquenouilles.fr\/index.php\/wp-json\/wp\/v2\/tags?post=666"}],"curies":[{"name":"wp","href":"https:\/\/api.w.org\/{rel}","templated":true}]}}