{"id":695,"date":"2021-08-12T19:07:02","date_gmt":"2021-08-12T17:07:02","guid":{"rendered":"https:\/\/lesquenouilles.fr\/?p=695"},"modified":"2021-08-12T19:08:25","modified_gmt":"2021-08-12T17:08:25","slug":"jeudi-12-aout-on-remonte-un-peu","status":"publish","type":"post","link":"https:\/\/lesquenouilles.fr\/index.php\/2021\/08\/12\/jeudi-12-aout-on-remonte-un-peu\/","title":{"rendered":"Jeudi 12 Ao\u00fbt&#8230;on remonte un peu"},"content":{"rendered":"\n<p>Hier soir soir\u00e9e tr\u00e8s sympa chez l&rsquo;h\u00e9bergeur (producteur de produits lact\u00e9s et de viande). On a particip\u00e9 au repas champ\u00eatre avec animation musicale. Nous avons sympathis\u00e9 avec nos voisins du jour et nous avions pleins de similitudes dans nos vies respectives.<\/p>\n\n\n\n<p>Nous avons d\u00e9gust\u00e9 de belles pi\u00e8ces de boeuf accompagn\u00e9es de frites maison. Les femmes sont all\u00e9 danser au son des morceaux envoy\u00e9s par le DJ.<\/p>\n\n\n\n<figure class=\"wp-block-image size-full\"><img decoding=\"async\" loading=\"lazy\" width=\"640\" height=\"480\" src=\"https:\/\/lesquenouilles.fr\/wp-content\/uploads\/2021\/08\/IMG_20210811_220346_resize_13.jpg\" alt=\"\" class=\"wp-image-694\" srcset=\"https:\/\/lesquenouilles.fr\/wp-content\/uploads\/2021\/08\/IMG_20210811_220346_resize_13.jpg 640w, https:\/\/lesquenouilles.fr\/wp-content\/uploads\/2021\/08\/IMG_20210811_220346_resize_13-300x225.jpg 300w\" sizes=\"(max-width: 640px) 100vw, 640px\" \/><figcaption>Belle soir\u00e9e champ\u00eatre<\/figcaption><\/figure>\n\n\n\n<figure class=\"wp-block-image size-full\"><img decoding=\"async\" loading=\"lazy\" width=\"640\" height=\"480\" src=\"https:\/\/lesquenouilles.fr\/wp-content\/uploads\/2021\/08\/IMG_20210811_220342_resize_38.jpg\" alt=\"\" class=\"wp-image-693\" srcset=\"https:\/\/lesquenouilles.fr\/wp-content\/uploads\/2021\/08\/IMG_20210811_220342_resize_38.jpg 640w, https:\/\/lesquenouilles.fr\/wp-content\/uploads\/2021\/08\/IMG_20210811_220342_resize_38-300x225.jpg 300w\" sizes=\"(max-width: 640px) 100vw, 640px\" \/><figcaption>avec nos voisins du jour (de Montauban)<\/figcaption><\/figure>\n\n\n\n<figure class=\"wp-block-image size-full\"><img decoding=\"async\" loading=\"lazy\" width=\"480\" height=\"640\" src=\"https:\/\/lesquenouilles.fr\/wp-content\/uploads\/2021\/08\/IMG_20210811_220402_resize_1-rotated.jpg\" alt=\"\" class=\"wp-image-692\" srcset=\"https:\/\/lesquenouilles.fr\/wp-content\/uploads\/2021\/08\/IMG_20210811_220402_resize_1-rotated.jpg 480w, https:\/\/lesquenouilles.fr\/wp-content\/uploads\/2021\/08\/IMG_20210811_220402_resize_1-225x300.jpg 225w\" sizes=\"(max-width: 480px) 100vw, 480px\" \/><figcaption>Et une autre famille camping cariste<\/figcaption><\/figure>\n\n\n\n<p>Ce matin, d\u00e9part vers 9h30 pour entamer une remont\u00e9e vers le marais poitevin qui sera notre point de chute pour la nuit.<\/p>\n\n\n\n<p>on fait une pause sur la route pour d\u00e9couvrir la petite ville de Brantome en P\u00e9rigord et son abbaye.<\/p>\n\n\n\n<figure class=\"wp-block-image size-full\"><img decoding=\"async\" loading=\"lazy\" width=\"640\" height=\"480\" src=\"https:\/\/lesquenouilles.fr\/wp-content\/uploads\/2021\/08\/IMG_20210812_115142_resize_58.jpg\" alt=\"\" class=\"wp-image-690\" srcset=\"https:\/\/lesquenouilles.fr\/wp-content\/uploads\/2021\/08\/IMG_20210812_115142_resize_58.jpg 640w, https:\/\/lesquenouilles.fr\/wp-content\/uploads\/2021\/08\/IMG_20210812_115142_resize_58-300x225.jpg 300w\" sizes=\"(max-width: 640px) 100vw, 640px\" \/><figcaption>L&rsquo;abbaye de Brantome<\/figcaption><\/figure>\n\n\n\n<figure class=\"wp-block-image size-full\"><img decoding=\"async\" loading=\"lazy\" width=\"640\" height=\"480\" src=\"https:\/\/lesquenouilles.fr\/wp-content\/uploads\/2021\/08\/IMG_20210812_114851_resize_14.jpg\" alt=\"\" class=\"wp-image-689\" srcset=\"https:\/\/lesquenouilles.fr\/wp-content\/uploads\/2021\/08\/IMG_20210812_114851_resize_14.jpg 640w, https:\/\/lesquenouilles.fr\/wp-content\/uploads\/2021\/08\/IMG_20210812_114851_resize_14-300x225.jpg 300w\" sizes=\"(max-width: 640px) 100vw, 640px\" \/><\/figure>\n\n\n\n<figure class=\"wp-block-image size-full\"><img decoding=\"async\" loading=\"lazy\" width=\"480\" height=\"640\" src=\"https:\/\/lesquenouilles.fr\/wp-content\/uploads\/2021\/08\/IMG_20210812_114909_resize_77-rotated.jpg\" alt=\"\" class=\"wp-image-688\" srcset=\"https:\/\/lesquenouilles.fr\/wp-content\/uploads\/2021\/08\/IMG_20210812_114909_resize_77-rotated.jpg 480w, https:\/\/lesquenouilles.fr\/wp-content\/uploads\/2021\/08\/IMG_20210812_114909_resize_77-225x300.jpg 225w\" sizes=\"(max-width: 480px) 100vw, 480px\" \/><\/figure>\n\n\n\n<figure class=\"wp-block-image size-full\"><img decoding=\"async\" loading=\"lazy\" width=\"640\" height=\"480\" src=\"https:\/\/lesquenouilles.fr\/wp-content\/uploads\/2021\/08\/IMG_20210812_115156_resize_29.jpg\" alt=\"\" class=\"wp-image-687\" srcset=\"https:\/\/lesquenouilles.fr\/wp-content\/uploads\/2021\/08\/IMG_20210812_115156_resize_29.jpg 640w, https:\/\/lesquenouilles.fr\/wp-content\/uploads\/2021\/08\/IMG_20210812_115156_resize_29-300x225.jpg 300w\" sizes=\"(max-width: 640px) 100vw, 640px\" \/><\/figure>\n\n\n\n<p>Le parcours du jour avec l&rsquo;arriv\u00e9e a Rives d&rsquo;autise \u00e0 c\u00f4t\u00e9 de Fontenay Le Comte<\/p>\n\n\n\n<figure class=\"wp-block-image size-large\"><img decoding=\"async\" loading=\"lazy\" width=\"473\" height=\"1024\" src=\"https:\/\/lesquenouilles.fr\/wp-content\/uploads\/2021\/08\/Screenshot_2021-08-12-18-44-57-572_com.jimi_.tuqiang.tracksolid_resize_49-473x1024.jpg\" alt=\"\" class=\"wp-image-691\" srcset=\"https:\/\/lesquenouilles.fr\/wp-content\/uploads\/2021\/08\/Screenshot_2021-08-12-18-44-57-572_com.jimi_.tuqiang.tracksolid_resize_49-473x1024.jpg 473w, https:\/\/lesquenouilles.fr\/wp-content\/uploads\/2021\/08\/Screenshot_2021-08-12-18-44-57-572_com.jimi_.tuqiang.tracksolid_resize_49-139x300.jpg 139w, https:\/\/lesquenouilles.fr\/wp-content\/uploads\/2021\/08\/Screenshot_2021-08-12-18-44-57-572_com.jimi_.tuqiang.tracksolid_resize_49.jpg 640w\" sizes=\"(max-width: 473px) 100vw, 473px\" \/><\/figure>\n","protected":false},"excerpt":{"rendered":"<p>Hier soir soir\u00e9e tr\u00e8s sympa chez l&rsquo;h\u00e9bergeur (producteur de produits lact\u00e9s et de viande). On a particip\u00e9 au repas champ\u00eatre avec animation musicale. Nous avons sympathis\u00e9 avec nos voisins du jour et nous avions pleins de similitudes dans nos vies respectives. Nous avons d\u00e9gust\u00e9 de belles pi\u00e8ces de boeuf accompagn\u00e9es de frites maison. Les femmes [&hellip;]<\/p>\n","protected":false},"author":1,"featured_media":690,"comment_status":"open","ping_status":"open","sticky":false,"template":"","format":"standard","meta":[],"categories":[20],"tags":[30,22],"_links":{"self":[{"href":"https:\/\/lesquenouilles.fr\/index.php\/wp-json\/wp\/v2\/posts\/695"}],"collection":[{"href":"https:\/\/lesquenouilles.fr\/index.php\/wp-json\/wp\/v2\/posts"}],"about":[{"href":"https:\/\/lesquenouilles.fr\/index.php\/wp-json\/wp\/v2\/types\/post"}],"author":[{"embeddable":true,"href":"https:\/\/lesquenouilles.fr\/index.php\/wp-json\/wp\/v2\/users\/1"}],"replies":[{"embeddable":true,"href":"https:\/\/lesquenouilles.fr\/index.php\/wp-json\/wp\/v2\/comments?post=695"}],"version-history":[{"count":1,"href":"https:\/\/lesquenouilles.fr\/index.php\/wp-json\/wp\/v2\/posts\/695\/revisions"}],"predecessor-version":[{"id":696,"href":"https:\/\/lesquenouilles.fr\/index.php\/wp-json\/wp\/v2\/posts\/695\/revisions\/696"}],"wp:featuredmedia":[{"embeddable":true,"href":"https:\/\/lesquenouilles.fr\/index.php\/wp-json\/wp\/v2\/media\/690"}],"wp:attachment":[{"href":"https:\/\/lesquenouilles.fr\/index.php\/wp-json\/wp\/v2\/media?parent=695"}],"wp:term":[{"taxonomy":"category","embeddable":true,"href":"https:\/\/lesquenouilles.fr\/index.php\/wp-json\/wp\/v2\/categories?post=695"},{"taxonomy":"post_tag","embeddable":true,"href":"https:\/\/lesquenouilles.fr\/index.php\/wp-json\/wp\/v2\/tags?post=695"}],"curies":[{"name":"wp","href":"https:\/\/api.w.org\/{rel}","templated":true}]}}