{"id":720,"date":"2021-08-21T18:28:32","date_gmt":"2021-08-21T16:28:32","guid":{"rendered":"https:\/\/lesquenouilles.fr\/?p=720"},"modified":"2021-08-21T18:29:37","modified_gmt":"2021-08-21T16:29:37","slug":"19-22-aout-dernier-week-end-de-vacances-a-etel","status":"publish","type":"post","link":"https:\/\/lesquenouilles.fr\/index.php\/2021\/08\/21\/19-22-aout-dernier-week-end-de-vacances-a-etel\/","title":{"rendered":"19..22 Ao\u00fbt dernier week end de vacances a Etel"},"content":{"rendered":"\n<p>Pour terminer ces vacances 2021, nous avons d\u00e9cid\u00e9 de partir passer ce dernier week end \u00e0 Etel avant la reprise.<\/p>\n\n\n\n<p>Au programme apr\u00e8s midi plage au soleil le vendredi. Un samedi matin bien arros\u00e9 ce qui ne nous a pas emp\u00each\u00e9 de faire une sortie v\u00e9lo pour aller faire un tour sur le march\u00e9 d&rsquo;Erdeven.<\/p>\n\n\n\n<p>Samedi apres midi ballade en trotinette direction Belz o\u00f9 il n&rsquo;y avait pas grand chose \u00e0 voir. Retour sur Etel o\u00f9 nous sommes aller assister \u00e0 une d\u00e9monstration de cerf volants sur la plage. Assez int\u00e9ressant a regarder et \u00e9couter les explications techniques sur ces machines.<\/p>\n\n\n\n<figure class=\"wp-block-image size-full\"><img decoding=\"async\" loading=\"lazy\" width=\"480\" height=\"640\" src=\"https:\/\/lesquenouilles.fr\/wp-content\/uploads\/2021\/08\/IMG_20210821_162402_resize_26-rotated.jpg\" alt=\"\" class=\"wp-image-718\" srcset=\"https:\/\/lesquenouilles.fr\/wp-content\/uploads\/2021\/08\/IMG_20210821_162402_resize_26-rotated.jpg 480w, https:\/\/lesquenouilles.fr\/wp-content\/uploads\/2021\/08\/IMG_20210821_162402_resize_26-225x300.jpg 225w\" sizes=\"(max-width: 480px) 100vw, 480px\" \/><figcaption>Belle ma\u00eetrise pour arr\u00eater l&rsquo;engin sur le sable ou sur l&rsquo;\u00e9paule d&rsquo;un spectateur<\/figcaption><\/figure>\n\n\n\n<figure class=\"wp-block-image size-full\"><img decoding=\"async\" loading=\"lazy\" width=\"480\" height=\"640\" src=\"https:\/\/lesquenouilles.fr\/wp-content\/uploads\/2021\/08\/IMG_20210821_163947_resize_6-rotated.jpg\" alt=\"\" class=\"wp-image-719\" srcset=\"https:\/\/lesquenouilles.fr\/wp-content\/uploads\/2021\/08\/IMG_20210821_163947_resize_6-rotated.jpg 480w, https:\/\/lesquenouilles.fr\/wp-content\/uploads\/2021\/08\/IMG_20210821_163947_resize_6-225x300.jpg 225w\" sizes=\"(max-width: 480px) 100vw, 480px\" \/><\/figure>\n\n\n\n<figure class=\"wp-block-image size-full\"><img decoding=\"async\" loading=\"lazy\" width=\"640\" height=\"480\" src=\"https:\/\/lesquenouilles.fr\/wp-content\/uploads\/2021\/08\/IMG_20210821_162248_resize_55.jpg\" alt=\"\" class=\"wp-image-717\" srcset=\"https:\/\/lesquenouilles.fr\/wp-content\/uploads\/2021\/08\/IMG_20210821_162248_resize_55.jpg 640w, https:\/\/lesquenouilles.fr\/wp-content\/uploads\/2021\/08\/IMG_20210821_162248_resize_55-300x225.jpg 300w\" sizes=\"(max-width: 640px) 100vw, 640px\" \/><\/figure>\n","protected":false},"excerpt":{"rendered":"<p>Pour terminer ces vacances 2021, nous avons d\u00e9cid\u00e9 de partir passer ce dernier week end \u00e0 Etel avant la reprise. Au programme apr\u00e8s midi plage au soleil le vendredi. Un samedi matin bien arros\u00e9 ce qui ne nous a pas emp\u00each\u00e9 de faire une sortie v\u00e9lo pour aller faire un tour sur le march\u00e9 d&rsquo;Erdeven. [&hellip;]<\/p>\n","protected":false},"author":1,"featured_media":717,"comment_status":"open","ping_status":"open","sticky":false,"template":"","format":"standard","meta":[],"categories":[20],"tags":[32,22],"_links":{"self":[{"href":"https:\/\/lesquenouilles.fr\/index.php\/wp-json\/wp\/v2\/posts\/720"}],"collection":[{"href":"https:\/\/lesquenouilles.fr\/index.php\/wp-json\/wp\/v2\/posts"}],"about":[{"href":"https:\/\/lesquenouilles.fr\/index.php\/wp-json\/wp\/v2\/types\/post"}],"author":[{"embeddable":true,"href":"https:\/\/lesquenouilles.fr\/index.php\/wp-json\/wp\/v2\/users\/1"}],"replies":[{"embeddable":true,"href":"https:\/\/lesquenouilles.fr\/index.php\/wp-json\/wp\/v2\/comments?post=720"}],"version-history":[{"count":1,"href":"https:\/\/lesquenouilles.fr\/index.php\/wp-json\/wp\/v2\/posts\/720\/revisions"}],"predecessor-version":[{"id":721,"href":"https:\/\/lesquenouilles.fr\/index.php\/wp-json\/wp\/v2\/posts\/720\/revisions\/721"}],"wp:featuredmedia":[{"embeddable":true,"href":"https:\/\/lesquenouilles.fr\/index.php\/wp-json\/wp\/v2\/media\/717"}],"wp:attachment":[{"href":"https:\/\/lesquenouilles.fr\/index.php\/wp-json\/wp\/v2\/media?parent=720"}],"wp:term":[{"taxonomy":"category","embeddable":true,"href":"https:\/\/lesquenouilles.fr\/index.php\/wp-json\/wp\/v2\/categories?post=720"},{"taxonomy":"post_tag","embeddable":true,"href":"https:\/\/lesquenouilles.fr\/index.php\/wp-json\/wp\/v2\/tags?post=720"}],"curies":[{"name":"wp","href":"https:\/\/api.w.org\/{rel}","templated":true}]}}