{"id":797,"date":"2022-07-31T20:15:23","date_gmt":"2022-07-31T18:15:23","guid":{"rendered":"https:\/\/lesquenouilles.fr\/?p=797"},"modified":"2022-07-31T20:22:26","modified_gmt":"2022-07-31T18:22:26","slug":"31-juillet-deuxieme-partie-de-voyage","status":"publish","type":"post","link":"https:\/\/lesquenouilles.fr\/index.php\/2022\/07\/31\/31-juillet-deuxieme-partie-de-voyage\/","title":{"rendered":"31 juillet : deuxi\u00e8me partie de voyage"},"content":{"rendered":"\n<p>voila, deuxieme partie de voyage fait aujourd&rsquo;hui. Donc journ\u00e9e encore essentiellement consacr\u00e9e \u00e0 la conduite pour boucler les 1075 kms faits depuis le d\u00e9part hier. <\/p>\n\n\n\n<figure class=\"wp-block-image size-large\"><img decoding=\"async\" loading=\"lazy\" width=\"461\" height=\"1024\" src=\"https:\/\/lesquenouilles.fr\/wp-content\/uploads\/2022\/07\/Screenshot_2022-07-31-19-50-31-462_com.jimi_.tuqiang.tracksolid-461x1024.jpg\" alt=\"\" class=\"wp-image-791\" srcset=\"https:\/\/lesquenouilles.fr\/wp-content\/uploads\/2022\/07\/Screenshot_2022-07-31-19-50-31-462_com.jimi_.tuqiang.tracksolid-461x1024.jpg 461w, https:\/\/lesquenouilles.fr\/wp-content\/uploads\/2022\/07\/Screenshot_2022-07-31-19-50-31-462_com.jimi_.tuqiang.tracksolid-135x300.jpg 135w, https:\/\/lesquenouilles.fr\/wp-content\/uploads\/2022\/07\/Screenshot_2022-07-31-19-50-31-462_com.jimi_.tuqiang.tracksolid-768x1707.jpg 768w, https:\/\/lesquenouilles.fr\/wp-content\/uploads\/2022\/07\/Screenshot_2022-07-31-19-50-31-462_com.jimi_.tuqiang.tracksolid-691x1536.jpg 691w, https:\/\/lesquenouilles.fr\/wp-content\/uploads\/2022\/07\/Screenshot_2022-07-31-19-50-31-462_com.jimi_.tuqiang.tracksolid-922x2048.jpg 922w, https:\/\/lesquenouilles.fr\/wp-content\/uploads\/2022\/07\/Screenshot_2022-07-31-19-50-31-462_com.jimi_.tuqiang.tracksolid.jpg 1080w\" sizes=\"(max-width: 461px) 100vw, 461px\" \/><figcaption>D\u00e9part de Caussade pour atteindre Torroella de Montgr\u00ed en Espagne <\/figcaption><\/figure>\n\n\n\n<p>Donc depart ce matin pr\u00e8s de Caussade et nous sommes arriv\u00e9s sur la Costa Brava sur une aire camping car priv\u00e9e am\u00e9nag\u00e9e dans un ancien corps de ferme. Certains animaux sont encore pr\u00e9sents, on y croise les poules, l&rsquo;\u00e2ne et &#8230;. des campings cars.<\/p>\n\n\n\n<p>Demain matin il y a le march\u00e9 dans la bourgade et on ira ensuite d\u00e9couvrir la c\u00f4te et ses criques.<\/p>\n\n\n\n<p>Au passage de la fronti\u00e8re, on a d\u00e9couvert les boutiques du Perthus et \u00e9galement la Jonquera <\/p>\n\n\n\n<figure class=\"wp-block-image size-full\"><img decoding=\"async\" loading=\"lazy\" width=\"800\" height=\"600\" src=\"https:\/\/lesquenouilles.fr\/wp-content\/uploads\/2022\/07\/z2_IMG_20220731_160339_-182555fa044_3.jpg\" alt=\"\" class=\"wp-image-795\" srcset=\"https:\/\/lesquenouilles.fr\/wp-content\/uploads\/2022\/07\/z2_IMG_20220731_160339_-182555fa044_3.jpg 800w, https:\/\/lesquenouilles.fr\/wp-content\/uploads\/2022\/07\/z2_IMG_20220731_160339_-182555fa044_3-300x225.jpg 300w, https:\/\/lesquenouilles.fr\/wp-content\/uploads\/2022\/07\/z2_IMG_20220731_160339_-182555fa044_3-768x576.jpg 768w\" sizes=\"(max-width: 800px) 100vw, 800px\" \/><figcaption>Le Perthus <\/figcaption><\/figure>\n\n\n\n<figure class=\"wp-block-image size-full\"><img decoding=\"async\" loading=\"lazy\" width=\"800\" height=\"600\" src=\"https:\/\/lesquenouilles.fr\/wp-content\/uploads\/2022\/07\/z2_IMG_20220731_160436_-182555f9f4d_4.jpg\" alt=\"\" class=\"wp-image-794\" srcset=\"https:\/\/lesquenouilles.fr\/wp-content\/uploads\/2022\/07\/z2_IMG_20220731_160436_-182555f9f4d_4.jpg 800w, https:\/\/lesquenouilles.fr\/wp-content\/uploads\/2022\/07\/z2_IMG_20220731_160436_-182555f9f4d_4-300x225.jpg 300w, https:\/\/lesquenouilles.fr\/wp-content\/uploads\/2022\/07\/z2_IMG_20220731_160436_-182555f9f4d_4-768x576.jpg 768w\" sizes=\"(max-width: 800px) 100vw, 800px\" \/><figcaption>Passage de la fronti\u00e8re <\/figcaption><\/figure>\n\n\n\n<figure class=\"wp-block-image size-full\"><img decoding=\"async\" loading=\"lazy\" width=\"800\" height=\"600\" src=\"https:\/\/lesquenouilles.fr\/wp-content\/uploads\/2022\/07\/z2_IMG_20220731_163007_-1825567c2a5_5.jpg\" alt=\"\" class=\"wp-image-796\" srcset=\"https:\/\/lesquenouilles.fr\/wp-content\/uploads\/2022\/07\/z2_IMG_20220731_163007_-1825567c2a5_5.jpg 800w, https:\/\/lesquenouilles.fr\/wp-content\/uploads\/2022\/07\/z2_IMG_20220731_163007_-1825567c2a5_5-300x225.jpg 300w, https:\/\/lesquenouilles.fr\/wp-content\/uploads\/2022\/07\/z2_IMG_20220731_163007_-1825567c2a5_5-768x576.jpg 768w\" sizes=\"(max-width: 800px) 100vw, 800px\" \/><figcaption>D&rsquo;un seul coup tout le monde dans le noir au Supermercat de la Jonquera <\/figcaption><\/figure>\n\n\n\n<p>on a m\u00eame fini dans noir au Supermercat de la Jonquera. Les 35 degr\u00e9s exterieurs on du faire disjoncter les installations \u00e9lectriques <\/p>\n\n\n\n<p>Enfin une petite photo souvenir sur les hauteurs du Minervois avant d&rsquo;arriver a Narbonne <\/p>\n\n\n\n<figure class=\"wp-block-image size-full\"><img decoding=\"async\" loading=\"lazy\" width=\"800\" height=\"600\" src=\"https:\/\/lesquenouilles.fr\/wp-content\/uploads\/2022\/07\/z2_IMG_20220731_134351_-182555fa122_7.jpg\" alt=\"\" class=\"wp-image-792\" srcset=\"https:\/\/lesquenouilles.fr\/wp-content\/uploads\/2022\/07\/z2_IMG_20220731_134351_-182555fa122_7.jpg 800w, https:\/\/lesquenouilles.fr\/wp-content\/uploads\/2022\/07\/z2_IMG_20220731_134351_-182555fa122_7-300x225.jpg 300w, https:\/\/lesquenouilles.fr\/wp-content\/uploads\/2022\/07\/z2_IMG_20220731_134351_-182555fa122_7-768x576.jpg 768w\" sizes=\"(max-width: 800px) 100vw, 800px\" \/><figcaption>On est bien en vacances ! <\/figcaption><\/figure>\n\n\n\n<p>on penses quand m\u00eame \u00e0 vous. Bises !<\/p>\n\n\n\n<p>Nelly s&rsquo;est fait un nouveau copain <\/p>\n\n\n\n<figure class=\"wp-block-image size-large\"><img decoding=\"async\" loading=\"lazy\" width=\"768\" height=\"1024\" src=\"https:\/\/lesquenouilles.fr\/wp-content\/uploads\/2022\/07\/c1_IMG_20220731_201602_-182557b53ec_2-768x1024.jpg\" alt=\"\" class=\"wp-image-800\" srcset=\"https:\/\/lesquenouilles.fr\/wp-content\/uploads\/2022\/07\/c1_IMG_20220731_201602_-182557b53ec_2-768x1024.jpg 768w, https:\/\/lesquenouilles.fr\/wp-content\/uploads\/2022\/07\/c1_IMG_20220731_201602_-182557b53ec_2-225x300.jpg 225w, https:\/\/lesquenouilles.fr\/wp-content\/uploads\/2022\/07\/c1_IMG_20220731_201602_-182557b53ec_2-1152x1536.jpg 1152w, https:\/\/lesquenouilles.fr\/wp-content\/uploads\/2022\/07\/c1_IMG_20220731_201602_-182557b53ec_2.jpg 1536w\" sizes=\"(max-width: 768px) 100vw, 768px\" \/><figcaption>Il lui fait m\u00eame de l&rsquo;oeil <\/figcaption><\/figure>\n\n\n\n<p>et un joli coq espagnol <\/p>\n\n\n\n<figure class=\"wp-block-image size-large\"><img decoding=\"async\" loading=\"lazy\" width=\"771\" height=\"1024\" src=\"https:\/\/lesquenouilles.fr\/wp-content\/uploads\/2022\/07\/c1_IMG_20220731_201630_-182557b5344_6-771x1024.jpg\" alt=\"\" class=\"wp-image-801\" srcset=\"https:\/\/lesquenouilles.fr\/wp-content\/uploads\/2022\/07\/c1_IMG_20220731_201630_-182557b5344_6-771x1024.jpg 771w, https:\/\/lesquenouilles.fr\/wp-content\/uploads\/2022\/07\/c1_IMG_20220731_201630_-182557b5344_6-226x300.jpg 226w, https:\/\/lesquenouilles.fr\/wp-content\/uploads\/2022\/07\/c1_IMG_20220731_201630_-182557b5344_6-768x1020.jpg 768w, https:\/\/lesquenouilles.fr\/wp-content\/uploads\/2022\/07\/c1_IMG_20220731_201630_-182557b5344_6-1157x1536.jpg 1157w, https:\/\/lesquenouilles.fr\/wp-content\/uploads\/2022\/07\/c1_IMG_20220731_201630_-182557b5344_6.jpg 1536w\" sizes=\"(max-width: 771px) 100vw, 771px\" \/><\/figure>\n","protected":false},"excerpt":{"rendered":"<p>voila, deuxieme partie de voyage fait aujourd&rsquo;hui. Donc journ\u00e9e encore essentiellement consacr\u00e9e \u00e0 la conduite pour boucler les 1075 kms faits depuis le d\u00e9part hier. Donc depart ce matin pr\u00e8s de Caussade et nous sommes arriv\u00e9s sur la Costa Brava sur une aire camping car priv\u00e9e am\u00e9nag\u00e9e dans un ancien corps de ferme. Certains animaux [&hellip;]<\/p>\n","protected":false},"author":2,"featured_media":791,"comment_status":"open","ping_status":"open","sticky":false,"template":"","format":"standard","meta":[],"categories":[37],"tags":[46,38,42],"_links":{"self":[{"href":"https:\/\/lesquenouilles.fr\/index.php\/wp-json\/wp\/v2\/posts\/797"}],"collection":[{"href":"https:\/\/lesquenouilles.fr\/index.php\/wp-json\/wp\/v2\/posts"}],"about":[{"href":"https:\/\/lesquenouilles.fr\/index.php\/wp-json\/wp\/v2\/types\/post"}],"author":[{"embeddable":true,"href":"https:\/\/lesquenouilles.fr\/index.php\/wp-json\/wp\/v2\/users\/2"}],"replies":[{"embeddable":true,"href":"https:\/\/lesquenouilles.fr\/index.php\/wp-json\/wp\/v2\/comments?post=797"}],"version-history":[{"count":2,"href":"https:\/\/lesquenouilles.fr\/index.php\/wp-json\/wp\/v2\/posts\/797\/revisions"}],"predecessor-version":[{"id":802,"href":"https:\/\/lesquenouilles.fr\/index.php\/wp-json\/wp\/v2\/posts\/797\/revisions\/802"}],"wp:featuredmedia":[{"embeddable":true,"href":"https:\/\/lesquenouilles.fr\/index.php\/wp-json\/wp\/v2\/media\/791"}],"wp:attachment":[{"href":"https:\/\/lesquenouilles.fr\/index.php\/wp-json\/wp\/v2\/media?parent=797"}],"wp:term":[{"taxonomy":"category","embeddable":true,"href":"https:\/\/lesquenouilles.fr\/index.php\/wp-json\/wp\/v2\/categories?post=797"},{"taxonomy":"post_tag","embeddable":true,"href":"https:\/\/lesquenouilles.fr\/index.php\/wp-json\/wp\/v2\/tags?post=797"}],"curies":[{"name":"wp","href":"https:\/\/api.w.org\/{rel}","templated":true}]}}