{"id":852,"date":"2022-08-04T18:42:00","date_gmt":"2022-08-04T16:42:00","guid":{"rendered":"https:\/\/lesquenouilles.fr\/?p=852"},"modified":"2022-08-04T18:42:02","modified_gmt":"2022-08-04T16:42:02","slug":"04-aout-arrivee-sur-sant-pere-pescador","status":"publish","type":"post","link":"https:\/\/lesquenouilles.fr\/index.php\/2022\/08\/04\/04-aout-arrivee-sur-sant-pere-pescador\/","title":{"rendered":"04 Aout : arriv\u00e9e sur Sant Pere Pescador"},"content":{"rendered":"\n<p>Une journee de transition, eh oui dans la vie de Van lifeur, il y a des journ\u00e9es de transition faites de kms, de courses, de vidange&#8230;etc.<\/p>\n\n\n\n<p>pour nous c&rsquo;\u00e9tait cela aujourd&rsquo;hui, alors forc\u00e9ment les photos de tout \u00e7a ne donnerait pas grand chose.<\/p>\n\n\n\n<p>Notre nouveau Camp de base a Sant Pere Pescador <\/p>\n\n\n\n<figure class=\"wp-block-image size-large\"><img decoding=\"async\" loading=\"lazy\" width=\"768\" height=\"1024\" src=\"https:\/\/lesquenouilles.fr\/wp-content\/uploads\/2022\/08\/c1_IMG_20220804_165641_-18269acd7d0_3-768x1024.jpg\" alt=\"\" class=\"wp-image-851\" srcset=\"https:\/\/lesquenouilles.fr\/wp-content\/uploads\/2022\/08\/c1_IMG_20220804_165641_-18269acd7d0_3-768x1024.jpg 768w, https:\/\/lesquenouilles.fr\/wp-content\/uploads\/2022\/08\/c1_IMG_20220804_165641_-18269acd7d0_3-225x300.jpg 225w, https:\/\/lesquenouilles.fr\/wp-content\/uploads\/2022\/08\/c1_IMG_20220804_165641_-18269acd7d0_3-1152x1536.jpg 1152w, https:\/\/lesquenouilles.fr\/wp-content\/uploads\/2022\/08\/c1_IMG_20220804_165641_-18269acd7d0_3.jpg 1536w\" sizes=\"(max-width: 768px) 100vw, 768px\" \/><\/figure>\n\n\n\n<figure class=\"wp-block-image size-large\"><img decoding=\"async\" loading=\"lazy\" width=\"1024\" height=\"768\" src=\"https:\/\/lesquenouilles.fr\/wp-content\/uploads\/2022\/08\/c1_IMG_20220804_165550_-18269acd917_2-1024x768.jpg\" alt=\"\" class=\"wp-image-848\" srcset=\"https:\/\/lesquenouilles.fr\/wp-content\/uploads\/2022\/08\/c1_IMG_20220804_165550_-18269acd917_2-1024x768.jpg 1024w, https:\/\/lesquenouilles.fr\/wp-content\/uploads\/2022\/08\/c1_IMG_20220804_165550_-18269acd917_2-300x225.jpg 300w, https:\/\/lesquenouilles.fr\/wp-content\/uploads\/2022\/08\/c1_IMG_20220804_165550_-18269acd917_2-768x576.jpg 768w, https:\/\/lesquenouilles.fr\/wp-content\/uploads\/2022\/08\/c1_IMG_20220804_165550_-18269acd917_2-1536x1152.jpg 1536w, https:\/\/lesquenouilles.fr\/wp-content\/uploads\/2022\/08\/c1_IMG_20220804_165550_-18269acd917_2.jpg 2048w\" sizes=\"(max-width: 1024px) 100vw, 1024px\" \/><\/figure>\n\n\n\n<p>On est aller rep\u00e9rer la plage de 6.5 kms de long&#8230;excusez du peu <\/p>\n\n\n\n<figure class=\"wp-block-image size-large\"><img decoding=\"async\" loading=\"lazy\" width=\"1024\" height=\"771\" src=\"https:\/\/lesquenouilles.fr\/wp-content\/uploads\/2022\/08\/c1_IMG_20220804_154218_-18269acdbe8_7-1024x771.jpg\" alt=\"\" class=\"wp-image-850\" srcset=\"https:\/\/lesquenouilles.fr\/wp-content\/uploads\/2022\/08\/c1_IMG_20220804_154218_-18269acdbe8_7-1024x771.jpg 1024w, https:\/\/lesquenouilles.fr\/wp-content\/uploads\/2022\/08\/c1_IMG_20220804_154218_-18269acdbe8_7-300x226.jpg 300w, https:\/\/lesquenouilles.fr\/wp-content\/uploads\/2022\/08\/c1_IMG_20220804_154218_-18269acdbe8_7-768x578.jpg 768w, https:\/\/lesquenouilles.fr\/wp-content\/uploads\/2022\/08\/c1_IMG_20220804_154218_-18269acdbe8_7-1536x1157.jpg 1536w, https:\/\/lesquenouilles.fr\/wp-content\/uploads\/2022\/08\/c1_IMG_20220804_154218_-18269acdbe8_7.jpg 2040w\" sizes=\"(max-width: 1024px) 100vw, 1024px\" \/><figcaption>Paradis des kite surfeurs <\/figcaption><\/figure>\n\n\n\n<figure class=\"wp-block-image size-large\"><img decoding=\"async\" loading=\"lazy\" width=\"1024\" height=\"771\" src=\"https:\/\/lesquenouilles.fr\/wp-content\/uploads\/2022\/08\/c1_IMG_20220804_154242_-18269acdad7_8-1024x771.jpg\" alt=\"\" class=\"wp-image-849\" srcset=\"https:\/\/lesquenouilles.fr\/wp-content\/uploads\/2022\/08\/c1_IMG_20220804_154242_-18269acdad7_8-1024x771.jpg 1024w, https:\/\/lesquenouilles.fr\/wp-content\/uploads\/2022\/08\/c1_IMG_20220804_154242_-18269acdad7_8-300x226.jpg 300w, https:\/\/lesquenouilles.fr\/wp-content\/uploads\/2022\/08\/c1_IMG_20220804_154242_-18269acdad7_8-768x578.jpg 768w, https:\/\/lesquenouilles.fr\/wp-content\/uploads\/2022\/08\/c1_IMG_20220804_154242_-18269acdad7_8-1536x1157.jpg 1536w, https:\/\/lesquenouilles.fr\/wp-content\/uploads\/2022\/08\/c1_IMG_20220804_154242_-18269acdad7_8.jpg 2040w\" sizes=\"(max-width: 1024px) 100vw, 1024px\" \/><\/figure>\n\n\n\n<p><\/p>\n","protected":false},"excerpt":{"rendered":"<p>Une journee de transition, eh oui dans la vie de Van lifeur, il y a des journ\u00e9es de transition faites de kms, de courses, de vidange&#8230;etc. pour nous c&rsquo;\u00e9tait cela aujourd&rsquo;hui, alors forc\u00e9ment les photos de tout \u00e7a ne donnerait pas grand chose. Notre nouveau Camp de base a Sant Pere Pescador On est aller [&hellip;]<\/p>\n","protected":false},"author":2,"featured_media":851,"comment_status":"open","ping_status":"open","sticky":false,"template":"","format":"standard","meta":[],"categories":[37],"tags":[54,42],"_links":{"self":[{"href":"https:\/\/lesquenouilles.fr\/index.php\/wp-json\/wp\/v2\/posts\/852"}],"collection":[{"href":"https:\/\/lesquenouilles.fr\/index.php\/wp-json\/wp\/v2\/posts"}],"about":[{"href":"https:\/\/lesquenouilles.fr\/index.php\/wp-json\/wp\/v2\/types\/post"}],"author":[{"embeddable":true,"href":"https:\/\/lesquenouilles.fr\/index.php\/wp-json\/wp\/v2\/users\/2"}],"replies":[{"embeddable":true,"href":"https:\/\/lesquenouilles.fr\/index.php\/wp-json\/wp\/v2\/comments?post=852"}],"version-history":[{"count":1,"href":"https:\/\/lesquenouilles.fr\/index.php\/wp-json\/wp\/v2\/posts\/852\/revisions"}],"predecessor-version":[{"id":853,"href":"https:\/\/lesquenouilles.fr\/index.php\/wp-json\/wp\/v2\/posts\/852\/revisions\/853"}],"wp:featuredmedia":[{"embeddable":true,"href":"https:\/\/lesquenouilles.fr\/index.php\/wp-json\/wp\/v2\/media\/851"}],"wp:attachment":[{"href":"https:\/\/lesquenouilles.fr\/index.php\/wp-json\/wp\/v2\/media?parent=852"}],"wp:term":[{"taxonomy":"category","embeddable":true,"href":"https:\/\/lesquenouilles.fr\/index.php\/wp-json\/wp\/v2\/categories?post=852"},{"taxonomy":"post_tag","embeddable":true,"href":"https:\/\/lesquenouilles.fr\/index.php\/wp-json\/wp\/v2\/tags?post=852"}],"curies":[{"name":"wp","href":"https:\/\/api.w.org\/{rel}","templated":true}]}}