{"id":928,"date":"2022-08-11T22:26:27","date_gmt":"2022-08-11T20:26:27","guid":{"rendered":"https:\/\/lesquenouilles.fr\/?p=928"},"modified":"2022-08-13T17:16:20","modified_gmt":"2022-08-13T15:16:20","slug":"11-aout-la-galere","status":"publish","type":"post","link":"https:\/\/lesquenouilles.fr\/index.php\/2022\/08\/11\/11-aout-la-galere\/","title":{"rendered":"11 Aout : la gal\u00e8re&#8230;"},"content":{"rendered":"\n<p>Comme prevu, aujourd&rsquo;hui nous d\u00e9cidons de remonter. Direction Cadaqu\u00e8s que nous souhaitons voir avant de repartir. Le temps de plier, faire 3 courses nous prenons la petite route de montagne sinueuse menant de Rosas a Cadaqu\u00e8s. Avec un petit train de s\u00e9nateur pour ne pas accrocher dans les \u00e9pingles, nous finissons par arriver \u00e0 Cadaqu\u00e8s peu apr\u00e8s midi. Grave erreur le parking est complet et la Policia nous fait qu&rsquo;un seul signe. Direction oppos\u00e9e !!<\/p>\n\n\n\n<p>Donc nous avons vue le panneau Cadaqu\u00e8s&#8230;<\/p>\n\n\n\n<figure class=\"wp-block-image size-large\"><img decoding=\"async\" loading=\"lazy\" width=\"1024\" height=\"768\" src=\"https:\/\/lesquenouilles.fr\/wp-content\/uploads\/2022\/08\/c1_IMG_20220811_134552_-1828de6cb4d_8-1024x768.jpg\" alt=\"\" class=\"wp-image-930\" srcset=\"https:\/\/lesquenouilles.fr\/wp-content\/uploads\/2022\/08\/c1_IMG_20220811_134552_-1828de6cb4d_8-1024x768.jpg 1024w, https:\/\/lesquenouilles.fr\/wp-content\/uploads\/2022\/08\/c1_IMG_20220811_134552_-1828de6cb4d_8-300x225.jpg 300w, https:\/\/lesquenouilles.fr\/wp-content\/uploads\/2022\/08\/c1_IMG_20220811_134552_-1828de6cb4d_8-768x576.jpg 768w, https:\/\/lesquenouilles.fr\/wp-content\/uploads\/2022\/08\/c1_IMG_20220811_134552_-1828de6cb4d_8-1536x1152.jpg 1536w, https:\/\/lesquenouilles.fr\/wp-content\/uploads\/2022\/08\/c1_IMG_20220811_134552_-1828de6cb4d_8.jpg 2048w\" sizes=\"(max-width: 1024px) 100vw, 1024px\" \/><figcaption>Le panneau de Cadaqu\u00e8s, c&rsquo;est a peu pr\u00e8s tout ce que nous en avons vu <\/figcaption><\/figure>\n\n\n\n<p>Donc apres avoir fait la dizaine de kilom\u00e8tres de lacets pour la mont\u00e9e, support\u00e9 les bouchons a l&rsquo;arriv\u00e9e, on a fait le tour du rond point et demi tour \ud83d\ude2d<\/p>\n\n\n\n<p>On a quand m\u00eame apper\u00e7u ce village mais de loin.<\/p>\n\n\n\n<figure class=\"wp-block-image size-large\"><img decoding=\"async\" loading=\"lazy\" width=\"1024\" height=\"771\" src=\"https:\/\/lesquenouilles.fr\/wp-content\/uploads\/2022\/08\/c1_IMG_20220811_134756_-1828de6ca64_5-1024x771.jpg\" alt=\"\" class=\"wp-image-929\" srcset=\"https:\/\/lesquenouilles.fr\/wp-content\/uploads\/2022\/08\/c1_IMG_20220811_134756_-1828de6ca64_5-1024x771.jpg 1024w, https:\/\/lesquenouilles.fr\/wp-content\/uploads\/2022\/08\/c1_IMG_20220811_134756_-1828de6ca64_5-300x226.jpg 300w, https:\/\/lesquenouilles.fr\/wp-content\/uploads\/2022\/08\/c1_IMG_20220811_134756_-1828de6ca64_5-768x578.jpg 768w, https:\/\/lesquenouilles.fr\/wp-content\/uploads\/2022\/08\/c1_IMG_20220811_134756_-1828de6ca64_5-1536x1157.jpg 1536w, https:\/\/lesquenouilles.fr\/wp-content\/uploads\/2022\/08\/c1_IMG_20220811_134756_-1828de6ca64_5.jpg 2040w\" sizes=\"(max-width: 1024px) 100vw, 1024px\" \/><figcaption>Cela avait pourtant l&rsquo;air beau <\/figcaption><\/figure>\n\n\n\n<figure class=\"wp-block-image size-large\"><img decoding=\"async\" loading=\"lazy\" width=\"1024\" height=\"771\" src=\"https:\/\/lesquenouilles.fr\/wp-content\/uploads\/2022\/08\/c1_IMG_20220811_134713_-1828de6c999_7-1024x771.jpg\" alt=\"\" class=\"wp-image-935\" srcset=\"https:\/\/lesquenouilles.fr\/wp-content\/uploads\/2022\/08\/c1_IMG_20220811_134713_-1828de6c999_7-1024x771.jpg 1024w, https:\/\/lesquenouilles.fr\/wp-content\/uploads\/2022\/08\/c1_IMG_20220811_134713_-1828de6c999_7-300x226.jpg 300w, https:\/\/lesquenouilles.fr\/wp-content\/uploads\/2022\/08\/c1_IMG_20220811_134713_-1828de6c999_7-768x578.jpg 768w, https:\/\/lesquenouilles.fr\/wp-content\/uploads\/2022\/08\/c1_IMG_20220811_134713_-1828de6c999_7-1536x1157.jpg 1536w, https:\/\/lesquenouilles.fr\/wp-content\/uploads\/2022\/08\/c1_IMG_20220811_134713_-1828de6c999_7.jpg 2040w\" sizes=\"(max-width: 1024px) 100vw, 1024px\" \/><figcaption>Les bouchons a l&rsquo;arriv\u00e9e sur Cadaqu\u00e8s <\/figcaption><\/figure>\n\n\n\n<figure class=\"wp-block-image size-large\"><img decoding=\"async\" loading=\"lazy\" width=\"1024\" height=\"771\" src=\"https:\/\/lesquenouilles.fr\/wp-content\/uploads\/2022\/08\/c1_IMG_20220811_134833_-1828de6c8bc_2-1024x771.jpg\" alt=\"\" class=\"wp-image-934\" srcset=\"https:\/\/lesquenouilles.fr\/wp-content\/uploads\/2022\/08\/c1_IMG_20220811_134833_-1828de6c8bc_2-1024x771.jpg 1024w, https:\/\/lesquenouilles.fr\/wp-content\/uploads\/2022\/08\/c1_IMG_20220811_134833_-1828de6c8bc_2-300x226.jpg 300w, https:\/\/lesquenouilles.fr\/wp-content\/uploads\/2022\/08\/c1_IMG_20220811_134833_-1828de6c8bc_2-768x578.jpg 768w, https:\/\/lesquenouilles.fr\/wp-content\/uploads\/2022\/08\/c1_IMG_20220811_134833_-1828de6c8bc_2-1536x1157.jpg 1536w, https:\/\/lesquenouilles.fr\/wp-content\/uploads\/2022\/08\/c1_IMG_20220811_134833_-1828de6c8bc_2.jpg 2040w\" sizes=\"(max-width: 1024px) 100vw, 1024px\" \/><figcaption>Et le parking complet <\/figcaption><\/figure>\n\n\n\n<figure class=\"wp-block-image size-large\"><img decoding=\"async\" loading=\"lazy\" width=\"1024\" height=\"768\" src=\"https:\/\/lesquenouilles.fr\/wp-content\/uploads\/2022\/08\/c1_IMG_20220811_133834_-1828de6cd22_8-1024x768.jpg\" alt=\"\" class=\"wp-image-932\" srcset=\"https:\/\/lesquenouilles.fr\/wp-content\/uploads\/2022\/08\/c1_IMG_20220811_133834_-1828de6cd22_8-1024x768.jpg 1024w, https:\/\/lesquenouilles.fr\/wp-content\/uploads\/2022\/08\/c1_IMG_20220811_133834_-1828de6cd22_8-300x225.jpg 300w, https:\/\/lesquenouilles.fr\/wp-content\/uploads\/2022\/08\/c1_IMG_20220811_133834_-1828de6cd22_8-768x576.jpg 768w, https:\/\/lesquenouilles.fr\/wp-content\/uploads\/2022\/08\/c1_IMG_20220811_133834_-1828de6cd22_8-1536x1152.jpg 1536w, https:\/\/lesquenouilles.fr\/wp-content\/uploads\/2022\/08\/c1_IMG_20220811_133834_-1828de6cd22_8.jpg 2048w\" sizes=\"(max-width: 1024px) 100vw, 1024px\" \/><figcaption>Le paysage est tr\u00e8s d\u00e9paysant <\/figcaption><\/figure>\n\n\n\n<p>Apres cet \u00e9chec, a l&#8217;embranchement interm\u00e9diaire on d\u00e9cide de plonger du c\u00f4t\u00e9 de La Selva, on attaque la descente des lacets&#8230;a l&rsquo;arriv\u00e9e, m\u00eame m\u00e9saventure. Un tour de rond point et on remonte, direction Rosas.<\/p>\n\n\n\n<p>Au final on a failli tomber en panne s\u00e8che, ce n&rsquo;est pas le tout mais a 14h30, les estomacs crient famine. On s&rsquo;arr\u00eate en bord de route pour d\u00e9jeuner. Les chats ont tr\u00e8s chaud et nous n&rsquo;avons pas d&rsquo;ombre et il fait pr\u00e8s de 38 dehors. La temp\u00e9rature grimpe de minute en minute dans le camping car.<\/p>\n\n\n\n<p>Dehors c&rsquo;est pas glamour comme d\u00e9cor <\/p>\n\n\n\n<figure class=\"wp-block-image size-large\"><img decoding=\"async\" loading=\"lazy\" width=\"1024\" height=\"768\" src=\"https:\/\/lesquenouilles.fr\/wp-content\/uploads\/2022\/08\/c1_IMG_20220811_153400_-1828de6c754_1-1024x768.jpg\" alt=\"\" class=\"wp-image-933\" srcset=\"https:\/\/lesquenouilles.fr\/wp-content\/uploads\/2022\/08\/c1_IMG_20220811_153400_-1828de6c754_1-1024x768.jpg 1024w, https:\/\/lesquenouilles.fr\/wp-content\/uploads\/2022\/08\/c1_IMG_20220811_153400_-1828de6c754_1-300x225.jpg 300w, https:\/\/lesquenouilles.fr\/wp-content\/uploads\/2022\/08\/c1_IMG_20220811_153400_-1828de6c754_1-768x576.jpg 768w, https:\/\/lesquenouilles.fr\/wp-content\/uploads\/2022\/08\/c1_IMG_20220811_153400_-1828de6c754_1-1536x1152.jpg 1536w, https:\/\/lesquenouilles.fr\/wp-content\/uploads\/2022\/08\/c1_IMG_20220811_153400_-1828de6c754_1.jpg 2048w\" sizes=\"(max-width: 1024px) 100vw, 1024px\" \/><figcaption>l&rsquo;Espagne c&rsquo;est aussi cela&#8230;<\/figcaption><\/figure>\n\n\n\n<p>On fait le plein de gas oil et direction le point de chute du jour. Une exploitation agricole bio rep\u00e9r\u00e9e sur Park4Night a Rabos.<\/p>\n\n\n\n<p>On arrive sur le point de chute, je laisse Jean Lou sur le bord de la route et arpente le chemin d&rsquo;acc\u00e8s \u00e9triqu\u00e9 bord\u00e9 d&rsquo;arbres, pentu, rocailleux qui m\u00e8ne au point de stationnement. Sous un soleil de plomb, j&rsquo;arrive a pied jusqu&rsquo;au terrain qui semble assez joli. On va \u00eatre bien la pour la nuit avec en plus apparemment des produits locaux disponibles.<\/p>\n\n\n\n<p>On attaque la mont\u00e9e d\u00e9licate, le camping car chauffe, les portions sont d\u00e9licates jusqu&rsquo;\u00e0 une sorte de dos d&rsquo;\u00e2ne infranchissable, le pot touche, frotte, impossible \u00e0 franchir !<\/p>\n\n\n\n<p>Il faut se r\u00e9signer \u00e0 repartir en marche arri\u00e8re pour sortir de ce bourbier. Sauf que reculer un convoi de 11 m\u00e8tres dans un chemin ou vous avez 30 cm de marge de chaque c\u00f4t\u00e9 sur 200 m c&rsquo;est mission impossible.<\/p>\n\n\n\n<p>Il a fallu deteller la remorque, descendre le scooter pour l&rsquo;all\u00e9ger, la reculer a la main dans une entr\u00e9e de champ, reculer Jean Lou, faire demi tour dans la m\u00eame entr\u00e9e de champ, r\u00e9 atteler la remorque et enfin ressortir de ce merdier.<\/p>\n\n\n\n<p>Ouf, on a r\u00e9ussi.<\/p>\n\n\n\n<p>Du coup, il faut trouver un autre point de chute pour la nuit, ce sera un camping au milieu de nulle part pas top pour 50 balles<\/p>\n\n\n\n<p><\/p>\n","protected":false},"excerpt":{"rendered":"<p>Comme prevu, aujourd&rsquo;hui nous d\u00e9cidons de remonter. Direction Cadaqu\u00e8s que nous souhaitons voir avant de repartir. Le temps de plier, faire 3 courses nous prenons la petite route de montagne sinueuse menant de Rosas a Cadaqu\u00e8s. Avec un petit train de s\u00e9nateur pour ne pas accrocher dans les \u00e9pingles, nous finissons par arriver \u00e0 Cadaqu\u00e8s [&hellip;]<\/p>\n","protected":false},"author":2,"featured_media":930,"comment_status":"open","ping_status":"open","sticky":false,"template":"","format":"standard","meta":[],"categories":[37],"tags":[46,42],"_links":{"self":[{"href":"https:\/\/lesquenouilles.fr\/index.php\/wp-json\/wp\/v2\/posts\/928"}],"collection":[{"href":"https:\/\/lesquenouilles.fr\/index.php\/wp-json\/wp\/v2\/posts"}],"about":[{"href":"https:\/\/lesquenouilles.fr\/index.php\/wp-json\/wp\/v2\/types\/post"}],"author":[{"embeddable":true,"href":"https:\/\/lesquenouilles.fr\/index.php\/wp-json\/wp\/v2\/users\/2"}],"replies":[{"embeddable":true,"href":"https:\/\/lesquenouilles.fr\/index.php\/wp-json\/wp\/v2\/comments?post=928"}],"version-history":[{"count":1,"href":"https:\/\/lesquenouilles.fr\/index.php\/wp-json\/wp\/v2\/posts\/928\/revisions"}],"predecessor-version":[{"id":936,"href":"https:\/\/lesquenouilles.fr\/index.php\/wp-json\/wp\/v2\/posts\/928\/revisions\/936"}],"wp:featuredmedia":[{"embeddable":true,"href":"https:\/\/lesquenouilles.fr\/index.php\/wp-json\/wp\/v2\/media\/930"}],"wp:attachment":[{"href":"https:\/\/lesquenouilles.fr\/index.php\/wp-json\/wp\/v2\/media?parent=928"}],"wp:term":[{"taxonomy":"category","embeddable":true,"href":"https:\/\/lesquenouilles.fr\/index.php\/wp-json\/wp\/v2\/categories?post=928"},{"taxonomy":"post_tag","embeddable":true,"href":"https:\/\/lesquenouilles.fr\/index.php\/wp-json\/wp\/v2\/tags?post=928"}],"curies":[{"name":"wp","href":"https:\/\/api.w.org\/{rel}","templated":true}]}}